{"id":200,"date":"2016-08-03T09:49:34","date_gmt":"2016-08-03T09:49:34","guid":{"rendered":"http:\/\/studiofotograficzne.pl\/new\/?p=200"},"modified":"2024-08-22T08:46:36","modified_gmt":"2024-08-22T06:46:36","slug":"studyjna-lampa-blyskowa-w-praktyce","status":"publish","type":"post","link":"https:\/\/studiofotograficzne.pl\/?p=200","title":{"rendered":"Studyjna lampa b\u0142yskowa w praktyce"},"content":{"rendered":"<p style=\"margin-bottom: 0cm;\">Spotkanie ze studyjn\u0105 lamp\u0105 b\u0142yskow\u0105 mo\u017ce sprawi\u0107 troch\u0119 trudno\u015bci, zw\u0142aszcza osobom, kt\u00f3re w fotografii studyjnej stawiaj\u0105 pierwsze kroki. Funkcjonalno\u015b\u0107 oraz zastosowanie przycisk\u00f3w wyczytamy z instrukcji lampy. S\u0105 jednak pewne informacje, kt\u00f3rych nie podaje \u017cadna instrukcja, a warto o nich wiedzie\u0107.<\/p>\n<p><!--more--><\/p>\n<blockquote><p>Spotkanie ze studyjn\u0105 lamp\u0105 b\u0142yskow\u0105 mo\u017ce sprawi\u0107 troch\u0119 trudno\u015bci, zw\u0142aszcza osobom, kt\u00f3re w fotografii studyjnej stawiaj\u0105 pierwsze kroki. Funkcjonalno\u015b\u0107 oraz zastosowanie przycisk\u00f3w wyczytamy z instrukcji lampy. S\u0105 jednak pewne informacje, kt\u00f3rych nie podaje \u017cadna instrukcja, a warto o nich wiedzie\u0107.<\/p><\/blockquote>\n<p style=\"text-align: justify;\">Fotografuj\u0105c w studio z czasem wypracowuje si\u0119 gotowe setupy dotycz\u0105ce zar\u00f3wno pozycji jak i mocy lamp. Zanim jednak do tego dojdziemy wielokrotnie zaczynamy zupe\u0142nie przypadkowo. Ustawiamy produkt i nast\u0119pnie tworzymy kadr. Kolejn\u0105 czynno\u015bci\u0105 jest ustawienie o\u015bwietlenia oraz dobranie mocy lamp do ustawie\u0144 ekspozycji w aparacie. Powiedzmy, \u017ce uda\u0142o si\u0119 ustawi\u0107 wszystkie punkty o\u015bwietlenia b\u0142yskowego. Zdj\u0119cie, kt\u00f3re chcieli\u015bmy wykona\u0107 jest poprawnie na\u015bwietlone, jest jednak ma\u0142e \u201eale\u201d &#8211; zbyt ma\u0142a g\u0142\u0119bia ostro\u015bci na fotografii. Musimy dokona\u0107 korekty przys\u0142ony (przymkn\u0105\u0107 przys\u0142on\u0119), zmniejszy\u0107 ilo\u015b\u0107 \u015bwiat\u0142a padaj\u0105cego na matryc\u0119. Warto\u015b\u0107 przys\u0142ony zmienimy bez problemu, jednak zdj\u0119cie stanie si\u0119 niedo\u015bwietlone. Co dalej? Ustawienie o\u015bwietlenia zaczynamy od nowa?<br \/>\nZ pomoc\u0105 przychodzi nam regulacja mocy b\u0142ysku. Tylko o ile przestawi\u0107 warto\u015b\u0107 lampy? Ot\u00f3\u017c regulacja mocy b\u0142ysku w studyjnych lampach wyskalowana jest w stopniach EV (exposure value) przedstawione w postaci warto\u015bci od 1.0 do 8.0 ze skokiem co 0,1 lub 1\/1 \u2013 1\/128 ze skokiem co 1\/3. Zmiana o pe\u0142n\u0105 warto\u015b\u0107 mocy czyli np.: 1,0 &gt; 2,0 czy 1\/1 &gt; 1\/2 to zmiana warto\u015bci o 1EV.<\/p>\n<table border=\"0\" align=\"center\">\n<tbody>\n<tr>\n<td><a href=\"https:\/\/studiofotograficzne.pl\/?attachment_id=1557\" rel=\"attachment wp-att-1557\"><img loading=\"lazy\" decoding=\"async\" class=\"aligncenter size-full wp-image-1557\" src=\"https:\/\/studiofotograficzne.pl\/wp-content\/uploads\/2016\/08\/WSLB-JB-DPE300_03-1.jpg\" alt=\"\" width=\"750\" height=\"750\" \/><\/a><\/td>\n<td><a href=\"https:\/\/studiofotograficzne.pl\/?attachment_id=1558\" rel=\"attachment wp-att-1558\"><img loading=\"lazy\" decoding=\"async\" class=\"aligncenter size-full wp-image-1558\" src=\"https:\/\/studiofotograficzne.pl\/wp-content\/uploads\/2016\/08\/WSLB-JB-PII600_03-1.jpg\" alt=\"\" width=\"750\" height=\"750\" \/><\/a><\/td>\n<\/tr>\n<\/tbody>\n<\/table>\n<p style=\"text-align: justify;\">Co daje ta wiedza? Warto\u015bci przys\u0142on w aparacie podawane s\u0105 r\u00f3wnie\u017c w warto\u015bciach EV, przewa\u017cnie wyskalowane w skok co 1\/3 warto\u015bci. Zmieniaj\u0105c przys\u0142on\u0119 z f: 2.8 na f: 4.0 w trybie manualnym aparatu wykonamy trzy skoki warto\u015bci z f: 2.8 na f: 3.2 &gt; f: 3.5 &gt; f: 4.0.<br \/>\nWr\u00f3\u0107my do przyk\u0142adu, na kt\u00f3rym rozwa\u017cali\u015bmy zmian\u0119 warto\u015bci przys\u0142ony. Przymykamy j\u0105 z warto\u015bci np.: f: 2,8 do f: 4.0, zmieniamy warto\u015b\u0107 o 1 EV czyli moc lampy powinni\u015bmy podnie\u015b\u0107 dok\u0142adnie o tak\u0105 warto\u015b\u0107. Podchodzimy do ka\u017cdej z lamp i sprawdzamy na jak\u0105 warto\u015b\u0107 mocy b\u0142ysku lampa jest ustawiona. Nast\u0119pnie dokonujemy korekty dok\u0142adnie o warto\u015b\u0107 1 EV np.:<br \/>\nPierwsza lampa ustawiona by\u0142a na warto\u015b\u0107 3,6 zmieniamy na 4,6.<br \/>\nDruga lampa ustawiona by\u0142a na warto\u015b\u0107 1\/16 zmieniamy na 1\/8.<\/p>\n<p>Tabela warto\u015bci regulacji mocy b\u0142ysku w studyjnej lampie b\u0142yskowej z regulacj\u0105 do 1\/32 o mocy 300 Ws<\/p>\n<table class=\"border_table\">\n<tbody>\n<tr>\n<td>\n<p align=\"CENTER\">Warto\u015b\u0107 w stopniach EV<\/p>\n<\/td>\n<td width=\"58\">\n<p align=\"CENTER\">1,0<\/p>\n<\/td>\n<td width=\"58\">\n<p align=\"CENTER\">2,0<\/p>\n<\/td>\n<td width=\"29\">\n<p align=\"CENTER\">3,0<\/p>\n<\/td>\n<td width=\"38\">\n<p align=\"CENTER\">4,0<\/p>\n<\/td>\n<td width=\"46\">\n<p align=\"CENTER\">5,0<\/p>\n<\/td>\n<td width=\"45\">\n<p align=\"CENTER\">6,0<\/p>\n<\/td>\n<\/tr>\n<tr valign=\"TOP\">\n<td width=\"170\">\n<p align=\"CENTER\">Warto\u015b\u0107 u\u0142amkowa mocy<\/p>\n<\/td>\n<td width=\"58\">\n<p align=\"CENTER\">1\/32<\/p>\n<\/td>\n<td width=\"58\">\n<p align=\"CENTER\">1\/16<\/p>\n<\/td>\n<td width=\"29\">\n<p align=\"CENTER\">1\/8<\/p>\n<\/td>\n<td width=\"38\">\n<p align=\"CENTER\">1\/4<\/p>\n<\/td>\n<td width=\"46\">\n<p align=\"CENTER\">1\/2<\/p>\n<\/td>\n<td width=\"45\">\n<p align=\"CENTER\">1\/1<\/p>\n<\/td>\n<\/tr>\n<tr valign=\"TOP\">\n<td width=\"170\">\n<p align=\"CENTER\">Warto\u015b\u0107 w watosekundach<\/p>\n<\/td>\n<td width=\"58\">\n<p align=\"CENTER\">9,375Ws<\/p>\n<\/td>\n<td width=\"58\">\n<p align=\"CENTER\">18,75Ws<\/p>\n<\/td>\n<td width=\"29\">\n<p align=\"CENTER\">37,5Ws<\/p>\n<\/td>\n<td width=\"38\">\n<p align=\"CENTER\">75Ws<\/p>\n<\/td>\n<td width=\"46\">\n<p align=\"CENTER\">150Ws<\/p>\n<\/td>\n<td width=\"45\">\n<p align=\"CENTER\">300Ws<\/p>\n<\/td>\n<\/tr>\n<\/tbody>\n<\/table>\n","protected":false},"excerpt":{"rendered":"<p>Spotkanie ze studyjn\u0105 lamp\u0105 b\u0142yskow\u0105 mo\u017ce sprawi\u0107 troch\u0119 trudno\u015bci, zw\u0142aszcza osobom, kt\u00f3re w fotografii studyjnej stawiaj\u0105 pierwsze kroki. Funkcjonalno\u015b\u0107 oraz zastosowanie przycisk\u00f3w wyczytamy z instrukcji lampy. S\u0105 jednak pewne informacje, kt\u00f3rych nie podaje \u017cadna instrukcja, a warto o nich wiedzie\u0107.<\/p>\n","protected":false},"author":1,"featured_media":1561,"comment_status":"open","ping_status":"open","sticky":false,"template":"","format":"standard","meta":{"footnotes":""},"categories":[4],"tags":[3],"class_list":["post-200","post","type-post","status-publish","format-standard","has-post-thumbnail","hentry","category-poradniki","tag-podstawy-w-studio","has-thumb"],"_links":{"self":[{"href":"https:\/\/studiofotograficzne.pl\/index.php?rest_route=\/wp\/v2\/posts\/200","targetHints":{"allow":["GET"]}}],"collection":[{"href":"https:\/\/studiofotograficzne.pl\/index.php?rest_route=\/wp\/v2\/posts"}],"about":[{"href":"https:\/\/studiofotograficzne.pl\/index.php?rest_route=\/wp\/v2\/types\/post"}],"author":[{"embeddable":true,"href":"https:\/\/studiofotograficzne.pl\/index.php?rest_route=\/wp\/v2\/users\/1"}],"replies":[{"embeddable":true,"href":"https:\/\/studiofotograficzne.pl\/index.php?rest_route=%2Fwp%2Fv2%2Fcomments&post=200"}],"version-history":[{"count":2,"href":"https:\/\/studiofotograficzne.pl\/index.php?rest_route=\/wp\/v2\/posts\/200\/revisions"}],"predecessor-version":[{"id":2126,"href":"https:\/\/studiofotograficzne.pl\/index.php?rest_route=\/wp\/v2\/posts\/200\/revisions\/2126"}],"wp:featuredmedia":[{"embeddable":true,"href":"https:\/\/studiofotograficzne.pl\/index.php?rest_route=\/wp\/v2\/media\/1561"}],"wp:attachment":[{"href":"https:\/\/studiofotograficzne.pl\/index.php?rest_route=%2Fwp%2Fv2%2Fmedia&parent=200"}],"wp:term":[{"taxonomy":"category","embeddable":true,"href":"https:\/\/studiofotograficzne.pl\/index.php?rest_route=%2Fwp%2Fv2%2Fcategories&post=200"},{"taxonomy":"post_tag","embeddable":true,"href":"https:\/\/studiofotograficzne.pl\/index.php?rest_route=%2Fwp%2Fv2%2Ftags&post=200"}],"curies":[{"name":"wp","href":"https:\/\/api.w.org\/{rel}","templated":true}]}}