{"id":202,"date":"2016-08-04T08:58:10","date_gmt":"2016-08-04T08:58:10","guid":{"rendered":"http:\/\/studiofotograficzne.pl\/new\/?p=202"},"modified":"2024-12-19T13:28:06","modified_gmt":"2024-12-19T12:28:06","slug":"aparat-w-studiu-ekspozycja","status":"publish","type":"post","link":"https:\/\/studiofotograficzne.pl\/?p=202","title":{"rendered":"Aparat w studiu &#8211; ekspozycja"},"content":{"rendered":"<p>Cz\u0119sto zdarza si\u0119, \u017ce do\u015bwiadczeni fotografowie, kt\u00f3rzy na co dzie\u0144 pracuj\u0105 w \u015bwietle zastanym lub ci\u0105g\u0142ym nie potrafi\u0105 ustawi\u0107 aparatu w studio. Nic w tym dziwnego, praca ze \u015bwiat\u0142em b\u0142yskowym jest zupe\u0142nie inna. Artyku\u0142 ten przeznaczony jest dla tych wszystkich, kt\u00f3rzy zaczynaj\u0105 prac\u0119 w studio.<\/p>\n<p><!--more--><\/p>\n<blockquote><p>Cz\u0119sto zdarza si\u0119, \u017ce do\u015bwiadczeni fotografowie, kt\u00f3rzy na co dzie\u0144 pracuj\u0105 w \u015bwietle zastanym lub ci\u0105g\u0142ym nie potrafi\u0105 ustawi\u0107 aparatu w studio. Nic w tym dziwnego, praca ze \u015bwiat\u0142em b\u0142yskowym jest zupe\u0142nie inna. Artyku\u0142 ten przeznaczony jest dla tych wszystkich, kt\u00f3rzy zaczynaj\u0105 prac\u0119 w studio.<\/p><\/blockquote>\n<p style=\"text-align: justify;\">Od czego zacz\u0105\u0107? Przede wszystkim aparat nale\u017cy prze\u0142\u0105czy\u0107 w tryb manualny \u201eM\u201d. Kto\u015b mo\u017ce zapyta\u0107: \u201eDlaczego tylko w tryb manualny?\u201d Ot\u00f3\u017c powodem stosowania trybu manualnego jest automatyka aparatu, kt\u00f3ra nie otrzymuje informacji o tym, \u017ce \u015bwiat\u0142o b\u0142yskowe bierze udzia\u0142 w ekspozycji.<br \/>\nPrzewa\u017cnie w studio podczas zdj\u0119\u0107 panuje p\u00f3\u0142mrok. \u015awiec\u0105 si\u0119 \u015bwiat\u0142a modeluj\u0105ce lamp, kt\u00f3re maj\u0105 za zadanie pokaza\u0107 rozk\u0142ad \u015bwiat\u0142ocienia oraz wspom\u00f3c automatyczne ustawianie ostro\u015bci w aparacie. Co w tym z\u0142ego? W zasadzie nic dla fotografuj\u0105cego. Dla systemu pomiaru ekspozycji jednak to wiele zmienia. Aparat ustawiony w tryb automatyczny zmierzy \u015bwiat\u0142o jakie panuje w studio i wed\u0142ug tego pomiaru okre\u015bli ekspozycj\u0119. Prawdopodobnie podniesie czu\u0142o\u015b\u0107 matrycy, otworzy przys\u0142on\u0119, czas otwarcia migawki dopasuje do poprzednich parametr\u00f3w. W momencie naci\u015bni\u0119cia spustu migawki do ko\u0144ca, stanie si\u0119 co\u015b czego aparat nie przewidzia\u0142 bo nie mia\u0142 mo\u017cliwo\u015bci (nie pomo\u017ce tu nowszy, lepszy, dro\u017cszy aparat). Mianowicie studyjne lampy b\u0142yskowe wykonuj\u0105c swoj\u0105 prace psuj\u0105 osi\u0105gni\u0119cia ekspert\u00f3w, kt\u00f3rzy wiele lat opracowywali algorytmy ekspozycji. Co dok\u0142adnie si\u0119 stanie \u0142atwo przewidzie\u0107, aparat w trudnych warunkach o\u015bwietleniowych b\u0119dzie pr\u00f3bowa\u0142 wykona\u0107 nieporuszone zdj\u0119cie, niestety niespodziewana dawka \u015bwiat\u0142a z lamp prze\u015bwietli ekspozycj\u0119.<br \/>\nWszystko jasne, automatyka zawiedzie, ale co z trybami p\u00f3\u0142automatycznymi? Rozwa\u017cmy i ten wariant.<br \/>\nTryby Priorytet Przys\u0142ony jest to tryb, w kt\u00f3rym ustawiamy przys\u0142on\u0119 aparatu. Aparat sam dostosowuje pozosta\u0142e parametry. Zale\u017cy nam na wykonaniu bardzo dobrej jako\u015bci fotografii o doskona\u0142ej ostro\u015bci i szczeg\u00f3\u0142owo\u015bci. Dlatego musimy u\u017cy\u0107 wy\u017cszych przys\u0142on rz\u0119du f:8.0 i wy\u017csze. Dodatkowo czu\u0142o\u015b\u0107 matrycy powinna by\u0107 jak najni\u017csza. Ustawiamy sta\u0142\u0105 warto\u015b\u0107 ISO 100 lub 200. Jedyn\u0105 mo\u017cliwo\u015bci\u0105 procesora aparatu jest zmiana czasu otwarcia migawki. Niestety czas zostanie znacznie wyd\u0142u\u017cony. Co dok\u0142adnie si\u0119 stanie? Wyd\u0142u\u017cony czas otwarcia migawki plus niespodziewane dla aparatu \u015bwiat\u0142o b\u0142yskowe to zn\u00f3w idealny przepis na prze\u015bwietlone zdj\u0119cie.<br \/>\nPriorytet Czasu. W trybie tym ustawimy czas w okolicy czasu synchronizacji, czu\u0142o\u015b\u0107 matrycy na niskim poziomie dla jak najlepszej jako\u015bci zdj\u0119\u0107. Mikroprocesor aparatu przeanalizuje sytuacj\u0119. Trudne warunki o\u015bwietleniowe, niska warto\u015b\u0107 ISO, dodatkowo migawka musi otworzy\u0107 si\u0119 z pr\u0119dko\u015bci\u0105 w granicach 1\/125s. Nie pozostaje nic innego jak maksymalnie otworzy\u0107 przys\u0142on\u0119. I tym razem zdj\u0119cie zostanie prze\u015bwietlone, poniewa\u017c pojawia si\u0119 ca\u0142y czas jedna zmienna, kt\u00f3rej aparat nie bierze pod uwag\u0119, b\u0142ysk lampy studyjnej.<\/p>\n<p>Chc\u0105c fotografowa\u0107 w studio przy \u015bwietle b\u0142yskowym nale\u017cy przej\u015b\u0107 na jedyny s\u0142uszny tryb pracy aparatu &#8211; tryb manualny.<\/p>\n<p>Na aparacie nale\u017cy zamontowa\u0107 wyzwalacz do synchronizacji b\u0142ysku z migawk\u0105 aparatu. Sprawdzi\u0107 czy nadajnik i odbiorniki pracuj\u0105 na tym samym kanale. Je\u017celi po przyci\u015bni\u0119ciu na nadajniku przycisku \u201eTEST\u201d lampy nie wyzwol\u0105 si\u0119 to oznacza, \u017ce kana\u0142 synchronizacyjny nie zosta\u0142 poprawnie skonfigurowany lub lampy nie zosta\u0142y w\u0142\u0105czone.<\/p>\n<p>Wr\u00f3\u0107my jednak do ustawie\u0144 aparatu. Fotografuj\u0105c w \u015bwietle zastanym ekspozycj\u0119 ustawia si\u0119 za pomoc\u0105:<\/p>\n<ul>\n<li>czu\u0142o\u015bci matrycy \u2013 ISO,<\/li>\n<li>czasu otwarcia migawki,<\/li>\n<li>przys\u0142ony.<\/li>\n<\/ul>\n<p>W fotografii studyjnej dochodzi jeszcze jeden element:<\/p>\n<ul>\n<li>\u015bwiat\u0142o b\u0142yskowe.<a href=\"https:\/\/studiofotograficzne.pl\/?attachment_id=1517\" rel=\"attachment wp-att-1517\"><img loading=\"lazy\" decoding=\"async\" class=\"aligncenter size-full wp-image-1517\" src=\"https:\/\/studiofotograficzne.pl\/wp-content\/uploads\/2016\/08\/Kwadrat-ekspozycji-w-studio-1.jpg\" alt=\"\" width=\"750\" height=\"750\" \/><\/a><\/li>\n<\/ul>\n<p align=\"center\">\n<p style=\"text-align: justify;\">Czu\u0142o\u015b\u0107 matrycy. Ze wzgl\u0119du na ch\u0119\u0107 uzyskania jak najlepszej jako\u015bci fotografii nale\u017cy ustawi\u0107 t\u0105 warto\u015b\u0107 najni\u017csz\u0105 natywn\u0105 (ISO100 lub ISO200).<\/p>\n<p style=\"text-align: justify;\">Czas otwarcia migawki. Nale\u017cy ustawi\u0107 na tyle kr\u00f3tki aby aparat nie rejestrowa\u0142 \u015bwiat\u0142a zastanego. Nie wolno jednak przekracza\u0107 czasu synchronizacji, kt\u00f3ry w zale\u017cno\u015bci od aparatu oraz urz\u0105dze\u0144 synchronizacyjnych waha si\u0119 pomi\u0119dzy 1\/200s \u2013 1\/250s. Przekroczenie tego czasu spowoduje powstawanie czarnego pasa w dolnej cz\u0119\u015bci zdj\u0119cia. Bezpiecznie ustawi\u0107 warto\u015b\u0107 w okolicach 1\/160s.<\/p>\n<p style=\"text-align: justify;\">Przys\u0142ona. Wymagania dla zdj\u0119\u0107 wykonywanych w studio to przewa\u017cnie du\u017ca g\u0142\u0119bia ostro\u015bci, czyli wy\u017csze warto\u015bci przys\u0142ony. Tu nie ma recepty. Ka\u017cdy ustawia wed\u0142ug siebie i w\u0142asnych preferencji. Zdj\u0119cia produktowe wykonuje si\u0119 z warto\u015bciami f:8 \u2013 f:16. Portret przewa\u017cnie wykonuje si\u0119 przy przys\u0142onach f:5,6 \u2013 f:11.<\/p>\n<p style=\"text-align: justify;\">Moc lampy. Poprzez regulacj\u0119 mocy b\u0142ysku lampy regulujemy jasno\u015bci\u0105 sceny na zdj\u0119ciu. Ze wzgl\u0119du na fakt, i\u017c czas trwania b\u0142ysku jest znacznie kr\u00f3tszy od czasu otwarcia migawki, b\u0142ysk flesza powoduje r\u00f3wnie\u017c zamro\u017cenie ruchu. Do zamra\u017cania bardzo dynamicznych scen niezb\u0119dna jest lampa z bardzo kr\u00f3tkim czasem b\u0142ysku.<\/p>\n","protected":false},"excerpt":{"rendered":"<p>Cz\u0119sto zdarza si\u0119, \u017ce do\u015bwiadczeni fotografowie, kt\u00f3rzy na co dzie\u0144 pracuj\u0105 w \u015bwietle zastanym lub ci\u0105g\u0142ym nie potrafi\u0105 ustawi\u0107 aparatu w studio. Nic w tym dziwnego, praca ze \u015bwiat\u0142em b\u0142yskowym jest zupe\u0142nie inna. Artyku\u0142 ten przeznaczony jest dla tych wszystkich, kt\u00f3rzy zaczynaj\u0105 prac\u0119 w studio.<\/p>\n","protected":false},"author":1,"featured_media":1518,"comment_status":"open","ping_status":"open","sticky":false,"template":"","format":"standard","meta":{"footnotes":""},"categories":[4],"tags":[3],"class_list":["post-202","post","type-post","status-publish","format-standard","has-post-thumbnail","hentry","category-poradniki","tag-podstawy-w-studio","has-thumb"],"_links":{"self":[{"href":"https:\/\/studiofotograficzne.pl\/index.php?rest_route=\/wp\/v2\/posts\/202","targetHints":{"allow":["GET"]}}],"collection":[{"href":"https:\/\/studiofotograficzne.pl\/index.php?rest_route=\/wp\/v2\/posts"}],"about":[{"href":"https:\/\/studiofotograficzne.pl\/index.php?rest_route=\/wp\/v2\/types\/post"}],"author":[{"embeddable":true,"href":"https:\/\/studiofotograficzne.pl\/index.php?rest_route=\/wp\/v2\/users\/1"}],"replies":[{"embeddable":true,"href":"https:\/\/studiofotograficzne.pl\/index.php?rest_route=%2Fwp%2Fv2%2Fcomments&post=202"}],"version-history":[{"count":4,"href":"https:\/\/studiofotograficzne.pl\/index.php?rest_route=\/wp\/v2\/posts\/202\/revisions"}],"predecessor-version":[{"id":2739,"href":"https:\/\/studiofotograficzne.pl\/index.php?rest_route=\/wp\/v2\/posts\/202\/revisions\/2739"}],"wp:featuredmedia":[{"embeddable":true,"href":"https:\/\/studiofotograficzne.pl\/index.php?rest_route=\/wp\/v2\/media\/1518"}],"wp:attachment":[{"href":"https:\/\/studiofotograficzne.pl\/index.php?rest_route=%2Fwp%2Fv2%2Fmedia&parent=202"}],"wp:term":[{"taxonomy":"category","embeddable":true,"href":"https:\/\/studiofotograficzne.pl\/index.php?rest_route=%2Fwp%2Fv2%2Fcategories&post=202"},{"taxonomy":"post_tag","embeddable":true,"href":"https:\/\/studiofotograficzne.pl\/index.php?rest_route=%2Fwp%2Fv2%2Ftags&post=202"}],"curies":[{"name":"wp","href":"https:\/\/api.w.org\/{rel}","templated":true}]}}