{"id":220,"date":"2016-08-17T14:10:53","date_gmt":"2016-08-17T14:10:53","guid":{"rendered":"http:\/\/studiofotograficzne.pl\/new\/?p=220"},"modified":"2024-08-22T08:45:14","modified_gmt":"2024-08-22T06:45:14","slug":"funkcja-swiatla-na-planie-zdjeciowym","status":"publish","type":"post","link":"https:\/\/studiofotograficzne.pl\/?p=220","title":{"rendered":"Funkcje \u015bwiat\u0142a na planie zdj\u0119ciowym"},"content":{"rendered":"<p>Pos\u0142ugiwanie si\u0119 \u015bwiat\u0142em w studio nie jest takie trudne jak by si\u0119 wydawa\u0142o. Wystarczy zrozumie\u0107 kilka podstawowych zasad i kierowa\u0107 si\u0119 nimi podczas sesji fotograficznych.<\/p>\n<p><!--more--><\/p>\n<blockquote><p>Pos\u0142ugiwanie si\u0119 \u015bwiat\u0142em w studio nie jest takie trudne jak by si\u0119 wydawa\u0142o. Wystarczy zrozumie\u0107 kilka podstawowych zasad i kierowa\u0107 si\u0119 nimi podczas sesji fotograficznych.<\/p><\/blockquote>\n<p style=\"text-align: justify;\">W artykule tym postaram si\u0119 przybli\u017cy\u0107 funkcje \u015bwiat\u0142a w studio fotograficznym. Na planie zdj\u0119ciowym rzadko mamy doczynienia z jedn\u0105 lamp\u0105. Przewa\u017cnie jest ich kilka i ka\u017cda z nich pe\u0142ni jak\u0105\u015b rol\u0119 w zale\u017cno\u015bci od miejsca w jakim si\u0119 znajduje<\/p>\n<p style=\"text-align: justify;\">Ze wzgl\u0119du na ustawienie lamp w stosunku do produktu \u015bwiat\u0142o w studio mo\u017cemy podzieli\u0107 na:<\/p>\n<ul>\n<li>Kluczowe (rysuj\u0105ce)<\/li>\n<li>Dope\u0142niaj\u0105ce<\/li>\n<li>Kontrowe<\/li>\n<li>Og\u00f3lne (g\u00f3rne)<\/li>\n<li>O\u015bwietlenie t\u0142a<\/li>\n<\/ul>\n<p style=\"text-align: justify;\">G\u0142\u00f3wn\u0105 funkcj\u0105 o\u015bwietlenia kluczowego jest rysowanie cienia na obiekcie. Dlatego nazywane jest ono r\u00f3wnie\u017c rysuj\u0105cym. To g\u0142\u00f3wne \u015bwiat\u0142o na planie zdj\u0119ciowym, kt\u00f3re nadaje przedmiotom kszta\u0142t i faktur\u0119.<\/p>\n<p style=\"text-align: justify;\">Pomi\u0119dzy o\u015bwietlonym przez \u015bwiat\u0142o kluczowe, a zacienionym obszarem zdj\u0119cia kontrast jest bar<a href=\"https:\/\/studiofotograficzne.pl\/?attachment_id=1443\" rel=\"attachment wp-att-1443\"><img loading=\"lazy\" decoding=\"async\" class=\"aligncenter size-full wp-image-1443\" src=\"https:\/\/studiofotograficzne.pl\/wp-content\/uploads\/2016\/08\/kluczowe-1.png\" alt=\"kluczowe\" width=\"350\" height=\"350\" \/><\/a>dzo du\u017cy. W celu jego z\u0142agodzenia i wyci\u0105gni\u0119cia z cienia szczeg\u00f3\u0142\u00f3w nale\u017cy zastosowa\u0107 \u015bwiat\u0142o dope\u0142niaj\u0105ce. \u015awiat\u0142o to ustawia si\u0119 mniej wi\u0119cej po przeciwnej stronie \u015bwiat\u0142a kluczowego w zale\u017cno\u015bci od efektu jaki chcemy uzyska\u0107. G\u0142\u00f3wnym celem \u015bwiat\u0142a dope\u0142niaj\u0105cego jest r\u00f3wnowa\u017cenie \u015bwiat\u0142a kluczowego dlatego jego moc powinna by\u0107 ni\u017csza od \u015bwiat\u0142a kluczowego. Za pomoc\u0105 \u015bwiat\u0142a dope\u0142niaj\u0105cego regulujemy kontrast na zdj\u0119ciu.<\/p>\n<p><a href=\"https:\/\/studiofotograficzne.pl\/?attachment_id=1445\" rel=\"attachment wp-att-1445\"><img loading=\"lazy\" decoding=\"async\" class=\"aligncenter size-full wp-image-1445\" src=\"https:\/\/studiofotograficzne.pl\/wp-content\/uploads\/2016\/08\/dopelniajace.png\" alt=\"\" width=\"350\" height=\"350\" srcset=\"https:\/\/studiofotograficzne.pl\/wp-content\/uploads\/2016\/08\/dopelniajace.png 350w, https:\/\/studiofotograficzne.pl\/wp-content\/uploads\/2016\/08\/dopelniajace-300x300.png 300w, https:\/\/studiofotograficzne.pl\/wp-content\/uploads\/2016\/08\/dopelniajace-150x150.png 150w\" sizes=\"auto, (max-width: 350px) 100vw, 350px\" \/><\/a><\/p>\n<p style=\"text-align: justify;\">G\u0142\u00f3wnym zadaniem \u015bwiat\u0142a kontrowego jest tworzenie kompozycji przestrzennej. \u015awiat\u0142o kontrowe zwane konturowym pozwala oddzieli\u0107 temat zdj\u0119cia od t\u0142a o zbli\u017conej tonalno\u015bci i nada\u0107 g\u0142\u0119bi fotografii. O\u015bwietlenie konturowe ustawiane jest za fotografowan\u0105 osob\u0105 lub przedmiotem<\/p>\n<p><a href=\"https:\/\/studiofotograficzne.pl\/?attachment_id=1446\" rel=\"attachment wp-att-1446\"><img loading=\"lazy\" decoding=\"async\" class=\"aligncenter size-full wp-image-1446\" src=\"https:\/\/studiofotograficzne.pl\/wp-content\/uploads\/2016\/08\/kontrowe-1.png\" alt=\"\" width=\"350\" height=\"350\" \/><\/a><\/p>\n<p style=\"text-align: justify;\">Zadaniem \u015bwiat\u0142a og\u00f3lnego jest r\u00f3wnomierne o\u015bwietlenie fotografowanej sceny. Jest to \u015bwiat\u0142o o kierunku z g\u00f3ry na d\u00f3\u0142 i szerokim snopie \u015bwiat\u0142a.<br \/>\nO\u015bwietlenie t\u0142a to zesp\u00f3\u0142 lamp, kt\u00f3ry daje mo\u017cliwo\u015b\u0107 ustawienia odpowiedniej jasno\u015b\u0107 t\u0142a. W prezentowanym przyk\u0142adzie nie by\u0142y wykorzystane \u015bwiat\u0142o og\u00f3lne i o\u015bwietlenie t\u0142a.<\/p>\n<p>Po\u0142\u0105czmy \u015bwiat\u0142o kluczowe z dope\u0142niaj\u0105cym.<a href=\"https:\/\/studiofotograficzne.pl\/?attachment_id=1447\" rel=\"attachment wp-att-1447\"><img loading=\"lazy\" decoding=\"async\" class=\"aligncenter size-full wp-image-1447\" src=\"https:\/\/studiofotograficzne.pl\/wp-content\/uploads\/2016\/08\/kluczowe-i-dopelniajace.png\" alt=\"\" width=\"350\" height=\"350\" srcset=\"https:\/\/studiofotograficzne.pl\/wp-content\/uploads\/2016\/08\/kluczowe-i-dopelniajace.png 350w, https:\/\/studiofotograficzne.pl\/wp-content\/uploads\/2016\/08\/kluczowe-i-dopelniajace-300x300.png 300w, https:\/\/studiofotograficzne.pl\/wp-content\/uploads\/2016\/08\/kluczowe-i-dopelniajace-150x150.png 150w\" sizes=\"auto, (max-width: 350px) 100vw, 350px\" \/><\/a><\/p>\n<p style=\"text-align: justify;\">W zasadzie mo\u017cna by poprzesta\u0107 na takim o\u015bwietleniu produktu. Ja jednak dodam jeszcze \u015bwiat\u0142o kontrowe, kt\u00f3re podkre\u015bli delikatnie detale i nada odrobin\u0119 g\u0142\u0119bi.<\/p>\n<p><a href=\"https:\/\/studiofotograficzne.pl\/?attachment_id=1448\" rel=\"attachment wp-att-1448\"><img loading=\"lazy\" decoding=\"async\" class=\"aligncenter size-full wp-image-1448\" src=\"https:\/\/studiofotograficzne.pl\/wp-content\/uploads\/2016\/08\/all-1.png\" alt=\"\" width=\"350\" height=\"350\" \/><\/a><a href=\"https:\/\/studiofotograficzne.pl\/?attachment_id=1449\" rel=\"attachment wp-att-1449\"><img loading=\"lazy\" decoding=\"async\" class=\"aligncenter size-full wp-image-1449\" src=\"https:\/\/studiofotograficzne.pl\/wp-content\/uploads\/2016\/08\/all-1.png\" alt=\"\" width=\"700\" height=\"350\" \/><\/a><\/p>\n<p style=\"text-align: justify;\">Na powy\u017cszym przyk\u0142adzie wida\u0107 dok\u0142adnie jak ustawienie lamp oraz ich funkcje w studio wp\u0142ywaj\u0105 na ostateczny efekt zdj\u0119cia.<\/p>\n","protected":false},"excerpt":{"rendered":"<p>Pos\u0142ugiwanie si\u0119 \u015bwiat\u0142em w studio nie jest takie trudne jak by si\u0119 wydawa\u0142o. Wystarczy zrozumie\u0107 kilka podstawowych zasad i kierowa\u0107 si\u0119 nimi podczas sesji fotograficznych.<\/p>\n","protected":false},"author":1,"featured_media":1534,"comment_status":"open","ping_status":"open","sticky":false,"template":"","format":"standard","meta":{"footnotes":""},"categories":[4],"tags":[3,5],"class_list":["post-220","post","type-post","status-publish","format-standard","has-post-thumbnail","hentry","category-poradniki","tag-podstawy-w-studio","tag-zagadnienia-techniczne","has-thumb"],"_links":{"self":[{"href":"https:\/\/studiofotograficzne.pl\/index.php?rest_route=\/wp\/v2\/posts\/220","targetHints":{"allow":["GET"]}}],"collection":[{"href":"https:\/\/studiofotograficzne.pl\/index.php?rest_route=\/wp\/v2\/posts"}],"about":[{"href":"https:\/\/studiofotograficzne.pl\/index.php?rest_route=\/wp\/v2\/types\/post"}],"author":[{"embeddable":true,"href":"https:\/\/studiofotograficzne.pl\/index.php?rest_route=\/wp\/v2\/users\/1"}],"replies":[{"embeddable":true,"href":"https:\/\/studiofotograficzne.pl\/index.php?rest_route=%2Fwp%2Fv2%2Fcomments&post=220"}],"version-history":[{"count":7,"href":"https:\/\/studiofotograficzne.pl\/index.php?rest_route=\/wp\/v2\/posts\/220\/revisions"}],"predecessor-version":[{"id":2116,"href":"https:\/\/studiofotograficzne.pl\/index.php?rest_route=\/wp\/v2\/posts\/220\/revisions\/2116"}],"wp:featuredmedia":[{"embeddable":true,"href":"https:\/\/studiofotograficzne.pl\/index.php?rest_route=\/wp\/v2\/media\/1534"}],"wp:attachment":[{"href":"https:\/\/studiofotograficzne.pl\/index.php?rest_route=%2Fwp%2Fv2%2Fmedia&parent=220"}],"wp:term":[{"taxonomy":"category","embeddable":true,"href":"https:\/\/studiofotograficzne.pl\/index.php?rest_route=%2Fwp%2Fv2%2Fcategories&post=220"},{"taxonomy":"post_tag","embeddable":true,"href":"https:\/\/studiofotograficzne.pl\/index.php?rest_route=%2Fwp%2Fv2%2Ftags&post=220"}],"curies":[{"name":"wp","href":"https:\/\/api.w.org\/{rel}","templated":true}]}}