{"id":2465,"date":"2024-12-11T15:14:01","date_gmt":"2024-12-11T14:14:01","guid":{"rendered":"https:\/\/studiofotograficzne.pl\/?p=2465"},"modified":"2024-12-20T10:14:38","modified_gmt":"2024-12-20T09:14:38","slug":"stol-bezcieniowy-freepower-70x140cm","status":"publish","type":"post","link":"https:\/\/studiofotograficzne.pl\/?p=2465","title":{"rendered":"St\u00f3\u0142 bezcieniowy FreePower 70x140cm"},"content":{"rendered":"<p>Pierwsze kroki w tworzeniu studia fotograficznego na potrzeby w\u0142asnego biznesu mog\u0105 nie by\u0107 proste &#8211; zw\u0142aszcza dla osoby, kt\u00f3ra wcze\u015bniej nie mia\u0142a styczno\u015bci z wykonywaniem zdj\u0119\u0107 produktowych. Wyb\u00f3r \u015bwiat\u0142a, modyfikator\u00f3w oraz akcesorium studyjnych nie jest prosty, a ilo\u015b\u0107 rozwi\u0105za\u0144 jest tak ogromna, \u017ce a\u017c \u0142atwo si\u0119 pogubi\u0107. Nast\u0119pny problem to brak miejsca na sta\u0142e atelier. Namiot, st\u00f3\u0142, a mo\u017ce zupe\u0142nie co\u015b innego? Zanim podejmiesz decyzje najlepiej zapozna\u0107 si\u0119 z ka\u017cdym z wybor\u00f3w, aby m\u00f3c \u015bwiadomie podj\u0105\u0107 decyzj\u0119. Przyjrzyjmy si\u0119 zatem plusom i minusom sto\u0142u bezcieniowego &#8211; jednego z najpopularniejszych rozwi\u0105za\u0144.<br \/><!--more--><\/p>\n\n\n<p><p style=\"text-indent: 30px; text-align: justify\">Produkt\u00f3w tego typu rynku jest wiele, jednak ten urzek\u0142 mnie prostot\u0105 monta\u017cu i dlatego postanowi\u0142em napisa\u0107 kilka s\u0142\u00f3w o nim. Najcz\u0119\u015bciej st\u00f3\u0142 bezcieniowy otrzymujemy jako paczk\u0119 puzzli do zmontowania i wi\u0119kszo\u015b\u0107 z nas zanim upora si\u0119 z jego monta\u017cem, to nie raz straci cierpliwo\u015b\u0107 &#8211; jednym s\u0142owem bez zielonej herbaty nie podchod\u017a. Za to na sam\u0105 my\u015bl o jego zdemontowaniu i ponownym monta\u017cu przychodz\u0105 niecenzuralne s\u0142owa do g\u0142owy. Do fotografowania produkt\u00f3w nie zawsze niezb\u0119dny jest st\u00f3\u0142 bezcieniowy, dlatego je\u015bli nie posiada si\u0119 du\u017cego studia fotograficznego, warto go rozk\u0142ada\u0107 tylko wtedy gdy go potrzebujemy &#8211; tak aby nie zabiera\u0142 niepotrzebnie miejsca. W takim przypadku niezast\u0105piony by\u0142by st\u00f3\u0142, kt\u00f3ry \u0142atwo i szybko rozk\u0142ada i sk\u0142ada si\u0119 oraz nie ma problemu z jego magazynowaniem gdy nie jest niezb\u0119dny. <a href=\"https:\/\/fripers.pl\/p\/stol-bezcieniowy-freepower-70x140cm-szybki-montaz\/\">FreePower 70&#215;140<\/a> \u015bwietnie si\u0119 sprawdzi w takiej roli, schowasz go do szafy czy pod \u0142\u00f3zko a jego rozstawienie to mniej wi\u0119cej minuta czasu. Instrukcja jest prosta, roz\u0142o\u017cy\u0107 przednie i tylne nogi i podnie\u015b\u0107 \u201eoparcie fotela\u201d, elementy mocowane s\u0105 na zawiasach. wi\u0119c nie potrzeba do tego narz\u0119dzi. Nast\u0119pnie nale\u017cy zamontowa\u0107 bia\u0142\u0105 powierzchni\u0119 i gotowe,  mo\u017cna zacz\u0105\u0107 pracowa\u0107. Warto zwr\u00f3ci\u0107 uwag\u0119 na to, \u017ce powierzchnia dyfuzyjna sto\u0142u posiada dwa rodzaje wyko\u0144czenia matow\u0105 i b\u0142yszcz\u0105c\u0105. Aby uzyska\u0107 zdj\u0119cie z efektem odbicia produktu, nale\u017cy zamontowa\u0107 powierzchni\u0119 sto\u0142u stron\u0105 b\u0142yszcz\u0105c\u0105 skierowan\u0105 w g\u00f3r\u0119. Je\u015bli zatem zdj\u0119cie ma by\u0107 bez odbicia wyb\u00f3r matowej powierzchni b\u0119dzie odpowiedni. Jakiej wielko\u015bci produkty mo\u017cna fotografowa\u0107 na stole bezcieniowym o wymiarach 70&#215;140? Tak naprawd\u0119 jego powierzchnia robocza, a wi\u0119c pozwalaj\u0105ca na ustawienie produktu to pole o wymiarach 70x70cm. Sam fotografowany obiekt musi by\u0107 na bia\u0142ym tle wi\u0119c powinien by\u0107 mniejszy od powierzchni roboczej. Uzyskanie bia\u0142ego t\u0142a na zdj\u0119ciu za pomoc\u0105 sto\u0142u bezcieniowego uzyskuje si\u0119 poprzez odpowiednie pod\u015bwietlenia powierzchni dyfuzyjnej sto\u0142u. Chc\u0105c r\u00f3wnomierniej rozprowadzi\u0107 \u015bwiat\u0142o postanowi\u0142em odbi\u0107 je od blendy ze srebrn\u0105 powierzchni\u0105, kt\u00f3r\u0105 umocowa\u0142em pod sto\u0142em w taki spos\u00f3b, aby \u015bwiat\u0142o padaj\u0105ce od ty\u0142u pod st\u00f3\u0142 odbija\u0142o si\u0119 w kierunku powierzchni roboczej. Blenda u\u0142o\u017cona wy\u017cej w przedniej cz\u0119\u015bci sto\u0142u i ni\u017cej w jego tylnej cz\u0119\u015bci, czyli tam gdzie jest \u201eoparcie\u201d.<\/p><\/p>\n\n\n\n<figure class=\"wp-block-gallery has-nested-images columns-default is-cropped wp-block-gallery-1 is-layout-flex wp-block-gallery-is-layout-flex\">\n<figure class=\"wp-block-image size-large\"><img loading=\"lazy\" decoding=\"async\" width=\"1530\" height=\"920\" data-id=\"2466\" src=\"https:\/\/studiofotograficzne.pl\/wp-content\/uploads\/2024\/12\/Stol_bezcieniowy_FreePower_70x140cm_01.jpg\" alt=\"\" class=\"wp-image-2466\" srcset=\"https:\/\/studiofotograficzne.pl\/wp-content\/uploads\/2024\/12\/Stol_bezcieniowy_FreePower_70x140cm_01.jpg 1530w, https:\/\/studiofotograficzne.pl\/wp-content\/uploads\/2024\/12\/Stol_bezcieniowy_FreePower_70x140cm_01-300x180.jpg 300w, https:\/\/studiofotograficzne.pl\/wp-content\/uploads\/2024\/12\/Stol_bezcieniowy_FreePower_70x140cm_01-768x462.jpg 768w, https:\/\/studiofotograficzne.pl\/wp-content\/uploads\/2024\/12\/Stol_bezcieniowy_FreePower_70x140cm_01-418x251.jpg 418w\" sizes=\"auto, (max-width: 1530px) 100vw, 1530px\" \/><\/figure>\n\n\n\n<figure class=\"wp-block-image size-large\"><img loading=\"lazy\" decoding=\"async\" width=\"1530\" height=\"920\" data-id=\"2467\" src=\"https:\/\/studiofotograficzne.pl\/wp-content\/uploads\/2024\/12\/Stol_bezcieniowy_FreePower_70x140cm_02.jpg\" alt=\"\" class=\"wp-image-2467\" srcset=\"https:\/\/studiofotograficzne.pl\/wp-content\/uploads\/2024\/12\/Stol_bezcieniowy_FreePower_70x140cm_02.jpg 1530w, https:\/\/studiofotograficzne.pl\/wp-content\/uploads\/2024\/12\/Stol_bezcieniowy_FreePower_70x140cm_02-300x180.jpg 300w, https:\/\/studiofotograficzne.pl\/wp-content\/uploads\/2024\/12\/Stol_bezcieniowy_FreePower_70x140cm_02-768x462.jpg 768w, https:\/\/studiofotograficzne.pl\/wp-content\/uploads\/2024\/12\/Stol_bezcieniowy_FreePower_70x140cm_02-418x251.jpg 418w\" sizes=\"auto, (max-width: 1530px) 100vw, 1530px\" \/><\/figure>\n<\/figure>\n\n\n\n<p><p style=\"text-indent: 30px; text-align: justify\">Grubo\u015b\u0107 p\u0142aszczyzny to parametr informuj\u0105cy u\u017cytkownika o no\u015bno\u015bci sto\u0142u, a wi\u0119c o mo\u017cliwo\u015bci obci\u0105\u017cenia p\u0142aszczyzny. St\u00f3\u0142, o kt\u00f3rym dzisiaj pisz\u0119 posiada p\u0142aszczyzn\u0119 o grubo\u015bci 1,5mm u\u0142o\u017conej na dw\u00f3ch podporach bocznych oddalonych od siebie o oko\u0142o 65cm. Mimo, \u017ce producent nie chwali si\u0119 informacj\u0105 o maksymalnym obci\u0105\u017ceniu postanowi\u0142em to amatorsko sprawdzi\u0107. Na \u015brodku powierzchni roboczej po\u0142o\u017cy\u0142em odwa\u017cnik boomu o masie 4kg. Powierzchnia wyprostowa\u0142a si\u0119 z takim delikatnym naciskiem na lekkie wkl\u0119\u015bni\u0119cie. Pomy\u015bla\u0142em, dobra to jest jej maks, ale ciekawo\u015b\u0107 ludzka nie zna granic i do\u0142o\u017cy\u0142em jeszcze jeden taki obci\u0105\u017cnik. Szok nie wiele si\u0119 zmieni\u0142o powierzchnia zrobi\u0142a si\u0119 mocniej wkl\u0119s\u0142a ale nie zwiesi\u0142a si\u0119 nie wysun\u0119\u0142a spod mocowa\u0144, 8kg na takiej powierzchni wydaje si\u0119 by\u0107 naprawd\u0119 niez\u0142ym wynikiem! St\u00f3\u0142 przeznaczony jest raczej na ma\u0142e lub niewielkie przedmioty, kt\u00f3re z pewno\u015bci\u0105 b\u0119d\u0105 mie\u015bci\u0142y si\u0119 wagowo w tym zakresie. Warto r\u00f3wnie\u017c pami\u0119ta\u0107 im grubszy dyfuzor sto\u0142u tym mocniejsze \u015bwiat\u0142o b\u0119dzie potrzebne do jego pod\u015bwietlenia.<\/p><br><p style=\"text-align: justify;\">Do poprawnego dzia\u0142ania sto\u0142u niezb\u0119dne jest \u017ar\u00f3d\u0142o \u015bwiat\u0142a, nie ma znaczenia czy jest to \u015bwiat\u0142o ci\u0105g\u0142e czy te\u017c b\u0142yskowe, ale musi by\u0107 go naprawd\u0119 sporo. W moim przypadku by\u0142o to \u015bwiat\u0142o b\u0142yskowe w postaci lampy o mocy 600Ws,  ustawionej na warto\u015b\u0107 6,7 czyli nieca\u0142e 150, a nawet bli\u017cej 120W Ci\u0119\u017cko to przeliczy\u0107 na \u015bwiat\u0142o ci\u0105g\u0142e, ale my\u015bl\u0119 \u017ce potrzeba go kilkukrotnie wi\u0119cej. Warto pami\u0119ta\u0107, \u017ce sama moc lamp nic nie powie je\u015bli nie poda si\u0119 warto\u015bci przys\u0142ony na jakiej wykonywa\u0142em zdj\u0119cia, a w moim przypadku jest to warto\u015b\u0107 f:13. Dlaczego taka, a nie inna? Chyba nie musz\u0119 t\u0142umaczy\u0107, \u017ce im wy\u017csza przys\u0142ona tym wi\u0119ksza g\u0142\u0119bia ostro\u015bci, ale te\u017c mniej \u015bwiat\u0142a docieraj\u0105cego do matrycy aparatu. Je\u015bli mamy mniej \u015bwiat\u0142a musia\u0142bym jeszcze bardziej otworzy\u0107 przys\u0142on\u0119 aby uzyska\u0107 taki sam stopie\u0144 na\u015bwietlenia obrazka, niestety w konsekwencji straci\u0142bym na g\u0142\u0119bi ostro\u015bci co skutkowa\u0142oby rozmyciem brzeg\u00f3w produktu. \u201eSprzedam\u201d tu jeszcze jednego tipa &#8211; mniejsza matryca wi\u0119ksza g\u0142\u0119bia ostro\u015bci! Dlatego cz\u0119sto korzystam z aparat\u00f3w APS-C, aby uzyska\u0107 wi\u0119ksz\u0105 g\u0142\u0119bie ostro\u015bci ni\u017c aparaty pe\u0142no klatkowe na tej samej przys\u0142onie.<\/p><\/p>\n\n\n\n<p><p style=\"text-align: justify;\">Fotografia pierwsza wykonana tylko z udzia\u0142em \u015bwiat\u0142a pod\u015bwietlaj\u0105cego st\u00f3\u0142 bezcieniowy. T\u0142o prawie bia\u0142e z utrat\u0105 jasno\u015bci w lew\u0105 stron\u0119 to oczywi\u015bcie wina \u017ale ustawionej lampy, ale to nie jest najwa\u017cniejsze w tym momencie. <img loading=\"lazy\" decoding=\"async\" width=\"1920\" height=\"1920\" class=\"wp-image-2475\" style=\"width: 400px; float:right; margin:6px\" src=\"https:\/\/studiofotograficzne.pl\/wp-content\/uploads\/2024\/12\/Stol_bezcieniowy_FreePower_70x140cm_03.jpg\" alt=\"\" srcset=\"https:\/\/studiofotograficzne.pl\/wp-content\/uploads\/2024\/12\/Stol_bezcieniowy_FreePower_70x140cm_03.jpg 1920w, https:\/\/studiofotograficzne.pl\/wp-content\/uploads\/2024\/12\/Stol_bezcieniowy_FreePower_70x140cm_03-300x300.jpg 300w, https:\/\/studiofotograficzne.pl\/wp-content\/uploads\/2024\/12\/Stol_bezcieniowy_FreePower_70x140cm_03-150x150.jpg 150w, https:\/\/studiofotograficzne.pl\/wp-content\/uploads\/2024\/12\/Stol_bezcieniowy_FreePower_70x140cm_03-768x768.jpg 768w, https:\/\/studiofotograficzne.pl\/wp-content\/uploads\/2024\/12\/Stol_bezcieniowy_FreePower_70x140cm_03-1536x1536.jpg 1536w, https:\/\/studiofotograficzne.pl\/wp-content\/uploads\/2024\/12\/Stol_bezcieniowy_FreePower_70x140cm_03-400x400.jpg 400w, https:\/\/studiofotograficzne.pl\/wp-content\/uploads\/2024\/12\/Stol_bezcieniowy_FreePower_70x140cm_03-418x418.jpg 418w, https:\/\/studiofotograficzne.pl\/wp-content\/uploads\/2024\/12\/Stol_bezcieniowy_FreePower_70x140cm_03-512x512.jpg 512w\" sizes=\"auto, (max-width: 1920px) 100vw, 1920px\" \/> Prosz\u0119 zauwa\u017cy\u0107, \u017ce t\u0142o powinno by\u0107 jeszcze mocniej do\u015bwietlone, a ju\u017c powoli mamy problem z utrat\u0105 szczeg\u00f3\u0142\u00f3w. Du\u017ca ilo\u015b\u0107 \u015bwiat\u0142a rozproszona przez dyfuzyjn\u0105 powierzchnie sto\u0142u \u201eotuli\u0142a\u201d produkt tak mocno, \u017ce zosta\u0142 o\u015bwietlony od frontu (mimo \u017ce \u015bwiat\u0142o pada z ty\u0142u i wydawa\u0107 by si\u0119 mog\u0142o, \u017ce przednia cz\u0119\u015b\u0107 powinna zosta\u0107 w cieniu). Dodatkowo w niekt\u00f3rych miejscach (rys. nr 2) produkt utraci\u0142 kontur i zla\u0142 si\u0119 z t\u0142em. To oczywi\u015bcie b\u0142\u0105d techniczny, kt\u00f3rego ratunkiem jest separacja t\u0142a od produktu lub zmniejszenie nat\u0119\u017cenia o\u015bwietlenia podstawy dyfuzyjnej sto\u0142u. Nie ma mo\u017cliwo\u015bci oddalenia tylnej cz\u0119\u015bci sto\u0142u od produktu, wi\u0119c pozostaje zmniejszenie ilo\u015bci \u015bwiat\u0142a pod\u015bwietlaj\u0105cego st\u00f3\u0142. Stajemy zatem przed dylematem typu \u201emie\u0107 ciastko czy zje\u015b\u0107 ciastko\u201d. Zmniejszenie nat\u0119\u017cenia o\u015bwietlenia sto\u0142u spowoduje, \u017ce t\u0142o nie b\u0119dzie idealnie bia\u0142e, nie jest to problem je\u017celi kto\u015b poddaje zdj\u0119cia retuszowi w postaci wyci\u0119cia produktu z t\u0142a (szparowanie). Co je\u015bli nie potrafimy samemu poradzi\u0107 sobie z wycinaniem lub nie chcemy po\u015bwi\u0119ca\u0107 zbyt du\u017co czasu na zdj\u0119cia? No c\u00f3\u017c, pozostaje poprawnie na\u015bwietli\u0107 t\u0142o lub te\u017c szuka\u0107 granicy pomi\u0119dzy jednym a drugim i pogodzi\u0107 si\u0119 z pewnymi by\u0107 mo\u017ce nie zauwa\u017calnymi dla kupuj\u0105cych wadami zdj\u0119\u0107<\/p><\/p>\n\n\n\n<figure class=\"wp-block-image size-full\"><img loading=\"lazy\" decoding=\"async\" width=\"1709\" height=\"1005\" src=\"https:\/\/studiofotograficzne.pl\/wp-content\/uploads\/2024\/12\/Stol_bezcieniowy_FreePower_70x140cm_04.jpg\" alt=\"\" class=\"wp-image-2485\" srcset=\"https:\/\/studiofotograficzne.pl\/wp-content\/uploads\/2024\/12\/Stol_bezcieniowy_FreePower_70x140cm_04.jpg 1709w, https:\/\/studiofotograficzne.pl\/wp-content\/uploads\/2024\/12\/Stol_bezcieniowy_FreePower_70x140cm_04-300x176.jpg 300w, https:\/\/studiofotograficzne.pl\/wp-content\/uploads\/2024\/12\/Stol_bezcieniowy_FreePower_70x140cm_04-768x452.jpg 768w, https:\/\/studiofotograficzne.pl\/wp-content\/uploads\/2024\/12\/Stol_bezcieniowy_FreePower_70x140cm_04-1536x903.jpg 1536w, https:\/\/studiofotograficzne.pl\/wp-content\/uploads\/2024\/12\/Stol_bezcieniowy_FreePower_70x140cm_04-418x246.jpg 418w\" sizes=\"auto, (max-width: 1709px) 100vw, 1709px\" \/><\/figure>\n\n\n\n<p><p style=\"text-indent: 30px; text-align: justify\">Je\u015bli chodzi o pod\u015bwietlenie t\u0142a to w zasadzie nie jeste\u015bmy tu ju\u017c niczego poprawi\u0107, przejd\u017amy zatem do dalszego tworzenia planu o\u015bwietleniowego. Mimo \u017ce st\u00f3\u0142 cz\u0119\u015bciowo o\u015bwietli\u0142 produkt od frontu, to nale\u017cy do\u015bwietli\u0107 go odpowiednio z lewej jak i prawej strony wyr\u00f3wnuj\u0105c jasno\u015b\u0107 sceny. Wiedz\u0105c, \u017ce b\u0119d\u0119 fotografowa\u0142 kilka r\u00f3\u017cnych produkt\u00f3w o r\u00f3\u017cnej fakturze postanowi\u0142em ustawi\u0107 po lewej stronie du\u017cy dyfuzor przez kt\u00f3rego przepu\u015bci\u0142em \u015bwiat\u0142o z lampy b\u0142yskowej Jinbei MSN III na kt\u00f3rej zamontowany by\u0142 softbox typu strip. Celem by\u0142o uzyskanie mi\u0119kkiego \u015bwiat\u0142a o powolnym zanikaniu jego intensywno\u015bci (gradient), kt\u00f3re \u015bwietnie sprawdzi si\u0119 przy fotografii produkt\u00f3w b\u0142yszcz\u0105cych i metalowych. Druga lamp\u0119 z softboxem typu strip ustawi\u0142em po drugiej stronie produktu. Ukierunkowa\u0142em j\u0105 jak kontr\u0119 w taki spos\u00f3b, aby snop \u015bwiat\u0142a ustawiony by\u0142 delikatnie przed fotografowanym obiektem.<\/p><\/p>\n\n\n\n<figure class=\"wp-block-gallery has-nested-images columns-2 is-cropped wp-block-gallery-2 is-layout-flex wp-block-gallery-is-layout-flex\">\n<figure class=\"wp-block-image size-large\"><img loading=\"lazy\" decoding=\"async\" width=\"1440\" height=\"1920\" data-id=\"2500\" src=\"https:\/\/studiofotograficzne.pl\/wp-content\/uploads\/2024\/12\/Stol_bezcieniowy_FreePower_70x140cm_05.jpg\" alt=\"\" class=\"wp-image-2500\" srcset=\"https:\/\/studiofotograficzne.pl\/wp-content\/uploads\/2024\/12\/Stol_bezcieniowy_FreePower_70x140cm_05.jpg 1440w, https:\/\/studiofotograficzne.pl\/wp-content\/uploads\/2024\/12\/Stol_bezcieniowy_FreePower_70x140cm_05-225x300.jpg 225w, https:\/\/studiofotograficzne.pl\/wp-content\/uploads\/2024\/12\/Stol_bezcieniowy_FreePower_70x140cm_05-768x1024.jpg 768w, https:\/\/studiofotograficzne.pl\/wp-content\/uploads\/2024\/12\/Stol_bezcieniowy_FreePower_70x140cm_05-1152x1536.jpg 1152w, https:\/\/studiofotograficzne.pl\/wp-content\/uploads\/2024\/12\/Stol_bezcieniowy_FreePower_70x140cm_05-418x557.jpg 418w\" sizes=\"auto, (max-width: 1440px) 100vw, 1440px\" \/><\/figure>\n\n\n\n<figure class=\"wp-block-image size-large\"><img loading=\"lazy\" decoding=\"async\" width=\"1440\" height=\"1920\" data-id=\"2505\" src=\"https:\/\/studiofotograficzne.pl\/wp-content\/uploads\/2024\/12\/Stol_bezcieniowy_FreePower_70x140cm_06-1.jpg\" alt=\"\" class=\"wp-image-2505\" srcset=\"https:\/\/studiofotograficzne.pl\/wp-content\/uploads\/2024\/12\/Stol_bezcieniowy_FreePower_70x140cm_06-1.jpg 1440w, https:\/\/studiofotograficzne.pl\/wp-content\/uploads\/2024\/12\/Stol_bezcieniowy_FreePower_70x140cm_06-1-225x300.jpg 225w, https:\/\/studiofotograficzne.pl\/wp-content\/uploads\/2024\/12\/Stol_bezcieniowy_FreePower_70x140cm_06-1-768x1024.jpg 768w, https:\/\/studiofotograficzne.pl\/wp-content\/uploads\/2024\/12\/Stol_bezcieniowy_FreePower_70x140cm_06-1-1152x1536.jpg 1152w, https:\/\/studiofotograficzne.pl\/wp-content\/uploads\/2024\/12\/Stol_bezcieniowy_FreePower_70x140cm_06-1-418x557.jpg 418w\" sizes=\"auto, (max-width: 1440px) 100vw, 1440px\" \/><\/figure>\n\n\n\n<figure class=\"wp-block-image size-large\"><img loading=\"lazy\" decoding=\"async\" width=\"1440\" height=\"1920\" data-id=\"2502\" src=\"https:\/\/studiofotograficzne.pl\/wp-content\/uploads\/2024\/12\/Stol_bezcieniowy_FreePower_70x140cm_07.jpg\" alt=\"\" class=\"wp-image-2502\" srcset=\"https:\/\/studiofotograficzne.pl\/wp-content\/uploads\/2024\/12\/Stol_bezcieniowy_FreePower_70x140cm_07.jpg 1440w, https:\/\/studiofotograficzne.pl\/wp-content\/uploads\/2024\/12\/Stol_bezcieniowy_FreePower_70x140cm_07-225x300.jpg 225w, https:\/\/studiofotograficzne.pl\/wp-content\/uploads\/2024\/12\/Stol_bezcieniowy_FreePower_70x140cm_07-768x1024.jpg 768w, https:\/\/studiofotograficzne.pl\/wp-content\/uploads\/2024\/12\/Stol_bezcieniowy_FreePower_70x140cm_07-1152x1536.jpg 1152w, https:\/\/studiofotograficzne.pl\/wp-content\/uploads\/2024\/12\/Stol_bezcieniowy_FreePower_70x140cm_07-418x557.jpg 418w\" sizes=\"auto, (max-width: 1440px) 100vw, 1440px\" \/><\/figure>\n\n\n\n<figure class=\"wp-block-image size-large\"><img loading=\"lazy\" decoding=\"async\" width=\"1440\" height=\"1920\" data-id=\"2503\" src=\"https:\/\/studiofotograficzne.pl\/wp-content\/uploads\/2024\/12\/Stol_bezcieniowy_FreePower_70x140cm_08.jpg\" alt=\"\" class=\"wp-image-2503\" srcset=\"https:\/\/studiofotograficzne.pl\/wp-content\/uploads\/2024\/12\/Stol_bezcieniowy_FreePower_70x140cm_08.jpg 1440w, https:\/\/studiofotograficzne.pl\/wp-content\/uploads\/2024\/12\/Stol_bezcieniowy_FreePower_70x140cm_08-225x300.jpg 225w, https:\/\/studiofotograficzne.pl\/wp-content\/uploads\/2024\/12\/Stol_bezcieniowy_FreePower_70x140cm_08-768x1024.jpg 768w, https:\/\/studiofotograficzne.pl\/wp-content\/uploads\/2024\/12\/Stol_bezcieniowy_FreePower_70x140cm_08-1152x1536.jpg 1152w, https:\/\/studiofotograficzne.pl\/wp-content\/uploads\/2024\/12\/Stol_bezcieniowy_FreePower_70x140cm_08-418x557.jpg 418w\" sizes=\"auto, (max-width: 1440px) 100vw, 1440px\" \/><\/figure>\n<\/figure>\n\n\n\n<p><p style=\"text-indent: 30px; text-align: justify\">Efektem ko\u0144cowym fotografowania s\u0105 produkty powy\u017cej. Bior\u0105c pod uwag\u0119, \u017ce s\u0105 to zdj\u0119cia jedynie wywo\u0142ane z formatu RAW, nie poddano ich \u017cadnemu retuszowi to uzyskany efekt zapewne wystarczy\u0142by wi\u0119kszo\u015bci os\u00f3b zaczynaj\u0105cych fotografowa\u0107 w\u0142asne produkty. Takich zdj\u0119\u0107 r\u00f3wnie\u017c nie powstydzi\u0142by si\u0119 sprzedawca popularnego serwisu alledrogo. Ja jednak zdradz\u0119 minus fotografowania produkt\u00f3w na du\u017cej powierzchni, czyli w tym przypadku na stole bezcieniowym. Problem najbardziej widoczny jest na flakonie perfum w kszta\u0142cie buta. W dolnej cz\u0119\u015bci przedmiotu tam gdzie styka si\u0119 on ze sto\u0142em bezcieniowym powsta\u0142 ja\u015bniejszy pas &#8211; macie pomys\u0142 co to? Tak, to jest odbicie sto\u0142u w produkcie, przeszkadza\u0142o ci to do tej pory? Prawdopodobnie nie wi\u0119c nie ma co si\u0119 rozwodzi\u0107 d\u0142u\u017cej nad tym problemem. To oczywi\u015bcie b\u0142\u0105d techniczny, kt\u00f3rego tam nie powinno by\u0107 i przez osoby fotografuj\u0105ce ju\u017c d\u0142u\u017cszy czas by\u0142by zauwa\u017cony, a nawet wytkni\u0119ty palcem. Czy to jest minus, kt\u00f3ry nie pozwoli sprzeda\u0107 produktu w sieci? Z ca\u0142\u0105 pewno\u015bci\u0105 wi\u0119kszo\u015b\u0107 os\u00f3b tego nie zauwa\u017cy. <\/p><\/p>\n\n\n<p style=\"text-align: justify;\">Powy\u017csze zdj\u0119cia by\u0142y wykonane na jednym ustawieniu \u015bwiate\u0142 nic nie musia\u0142em zmienia\u0107 do momentu\u2026 &#8230;ustawienia na stole obiektu mocno refleksyjnego. Flakon po perfumach znanej firmy, obiekt jest lustrzany, a to problem poniewa\u017c nie tylko odbija wi\u0119cej \u015bwiat\u0142a,ale tak\u017ce odbija si\u0119 w nim ca\u0142e otoczenie. Gdy wykona\u0142em pierwsze zdj\u0119cie nie trudno by\u0142o si\u0119 domy\u015ble\u0107, \u017ce zdj\u0119cie b\u0119dzie prze\u015bwietlone. Reakcj\u0105 na ten problem by\u0142o zmniejszenie ilo\u015bci \u015bwiat\u0142a jednak, \u017ce jestem leniuchem postanowi\u0142em przymkn\u0105\u0107 przys\u0142on\u0119 o 2\/3EV (z f:13 na f:16). Niestety, zwi\u0119kszenie warto\u015bci przys\u0142ony, a wi\u0119c przymkni\u0119cie jej spowodowa\u0142 spadek jasno\u015bci ca\u0142ej sceny tam gdzie by\u0142y prze\u015bwietlenia oraz tam gdzie ich nie by\u0142o st\u0105d ciemniejsze t\u0142o na drugim zdj\u0119ciu. Powr\u00f3ci\u0142em zatem do ustawie\u0144 pierwotnych aparatu, a w zamian zmniejszy\u0142em jasno\u015b\u0107 dw\u00f3ch frontowych lamp, czego efektem jest ostatnie zdj\u0119cie. Cho\u0107 szczerze powiedziawszy najbardziej podoba mi si\u0119 drugie.<\/p>\n\n\n<figure class=\"wp-block-gallery has-nested-images columns-default is-cropped wp-block-gallery-3 is-layout-flex wp-block-gallery-is-layout-flex\">\n<figure class=\"wp-block-image size-large\"><img loading=\"lazy\" decoding=\"async\" width=\"2000\" height=\"2000\" data-id=\"2508\" src=\"https:\/\/studiofotograficzne.pl\/wp-content\/uploads\/2024\/12\/Stol_bezcieniowy_FreePower_70x140cm_09-2000x2000.jpg\" alt=\"\" class=\"wp-image-2508\" srcset=\"https:\/\/studiofotograficzne.pl\/wp-content\/uploads\/2024\/12\/Stol_bezcieniowy_FreePower_70x140cm_09-2000x2000.jpg 2000w, https:\/\/studiofotograficzne.pl\/wp-content\/uploads\/2024\/12\/Stol_bezcieniowy_FreePower_70x140cm_09-300x300.jpg 300w, https:\/\/studiofotograficzne.pl\/wp-content\/uploads\/2024\/12\/Stol_bezcieniowy_FreePower_70x140cm_09-150x150.jpg 150w, https:\/\/studiofotograficzne.pl\/wp-content\/uploads\/2024\/12\/Stol_bezcieniowy_FreePower_70x140cm_09-768x768.jpg 768w, https:\/\/studiofotograficzne.pl\/wp-content\/uploads\/2024\/12\/Stol_bezcieniowy_FreePower_70x140cm_09-1536x1536.jpg 1536w, https:\/\/studiofotograficzne.pl\/wp-content\/uploads\/2024\/12\/Stol_bezcieniowy_FreePower_70x140cm_09-2048x2048.jpg 2048w, https:\/\/studiofotograficzne.pl\/wp-content\/uploads\/2024\/12\/Stol_bezcieniowy_FreePower_70x140cm_09-400x400.jpg 400w, https:\/\/studiofotograficzne.pl\/wp-content\/uploads\/2024\/12\/Stol_bezcieniowy_FreePower_70x140cm_09-418x418.jpg 418w, https:\/\/studiofotograficzne.pl\/wp-content\/uploads\/2024\/12\/Stol_bezcieniowy_FreePower_70x140cm_09-512x512.jpg 512w\" sizes=\"auto, (max-width: 2000px) 100vw, 2000px\" \/><\/figure>\n\n\n\n<figure class=\"wp-block-image size-large\"><img loading=\"lazy\" decoding=\"async\" width=\"2000\" height=\"2000\" data-id=\"2510\" src=\"https:\/\/studiofotograficzne.pl\/wp-content\/uploads\/2024\/12\/Stol_bezcieniowy_FreePower_70x140cm_10-2000x2000.jpg\" alt=\"\" class=\"wp-image-2510\" srcset=\"https:\/\/studiofotograficzne.pl\/wp-content\/uploads\/2024\/12\/Stol_bezcieniowy_FreePower_70x140cm_10-2000x2000.jpg 2000w, https:\/\/studiofotograficzne.pl\/wp-content\/uploads\/2024\/12\/Stol_bezcieniowy_FreePower_70x140cm_10-300x300.jpg 300w, https:\/\/studiofotograficzne.pl\/wp-content\/uploads\/2024\/12\/Stol_bezcieniowy_FreePower_70x140cm_10-150x150.jpg 150w, https:\/\/studiofotograficzne.pl\/wp-content\/uploads\/2024\/12\/Stol_bezcieniowy_FreePower_70x140cm_10-768x768.jpg 768w, https:\/\/studiofotograficzne.pl\/wp-content\/uploads\/2024\/12\/Stol_bezcieniowy_FreePower_70x140cm_10-1536x1536.jpg 1536w, https:\/\/studiofotograficzne.pl\/wp-content\/uploads\/2024\/12\/Stol_bezcieniowy_FreePower_70x140cm_10-2048x2048.jpg 2048w, https:\/\/studiofotograficzne.pl\/wp-content\/uploads\/2024\/12\/Stol_bezcieniowy_FreePower_70x140cm_10-400x400.jpg 400w, https:\/\/studiofotograficzne.pl\/wp-content\/uploads\/2024\/12\/Stol_bezcieniowy_FreePower_70x140cm_10-418x418.jpg 418w, https:\/\/studiofotograficzne.pl\/wp-content\/uploads\/2024\/12\/Stol_bezcieniowy_FreePower_70x140cm_10-512x512.jpg 512w\" sizes=\"auto, (max-width: 2000px) 100vw, 2000px\" \/><\/figure>\n\n\n\n<figure class=\"wp-block-image size-large\"><img loading=\"lazy\" decoding=\"async\" width=\"2000\" height=\"2000\" data-id=\"2509\" src=\"https:\/\/studiofotograficzne.pl\/wp-content\/uploads\/2024\/12\/Stol_bezcieniowy_FreePower_70x140cm_11-2000x2000.jpg\" alt=\"\" class=\"wp-image-2509\" srcset=\"https:\/\/studiofotograficzne.pl\/wp-content\/uploads\/2024\/12\/Stol_bezcieniowy_FreePower_70x140cm_11-2000x2000.jpg 2000w, https:\/\/studiofotograficzne.pl\/wp-content\/uploads\/2024\/12\/Stol_bezcieniowy_FreePower_70x140cm_11-300x300.jpg 300w, https:\/\/studiofotograficzne.pl\/wp-content\/uploads\/2024\/12\/Stol_bezcieniowy_FreePower_70x140cm_11-150x150.jpg 150w, https:\/\/studiofotograficzne.pl\/wp-content\/uploads\/2024\/12\/Stol_bezcieniowy_FreePower_70x140cm_11-768x768.jpg 768w, https:\/\/studiofotograficzne.pl\/wp-content\/uploads\/2024\/12\/Stol_bezcieniowy_FreePower_70x140cm_11-1536x1536.jpg 1536w, https:\/\/studiofotograficzne.pl\/wp-content\/uploads\/2024\/12\/Stol_bezcieniowy_FreePower_70x140cm_11-2048x2048.jpg 2048w, https:\/\/studiofotograficzne.pl\/wp-content\/uploads\/2024\/12\/Stol_bezcieniowy_FreePower_70x140cm_11-400x400.jpg 400w, https:\/\/studiofotograficzne.pl\/wp-content\/uploads\/2024\/12\/Stol_bezcieniowy_FreePower_70x140cm_11-418x418.jpg 418w, https:\/\/studiofotograficzne.pl\/wp-content\/uploads\/2024\/12\/Stol_bezcieniowy_FreePower_70x140cm_11-512x512.jpg 512w\" sizes=\"auto, (max-width: 2000px) 100vw, 2000px\" \/><\/figure>\n<\/figure>\n\n\n\n<p><p style=\"text-indent: 30px; text-align: justify\">Czy st\u00f3\u0142 bezcieniowy to dobre rozwi\u0105zanie w fotografii produktowej? Owszem, je\u015bli z ca\u0142\u0105 \u015bwiadomo\u015bci\u0105 przyjmujemy jego wady i zalety. Da nam w zamian szybki i prosty spos\u00f3b na fotografowanie produkt\u00f3w na bia\u0142ym tle prawie ka\u017cdemu! Dodatkowo to urz\u0105dzenie jest \u0142atwe w przenoszeniu, b\u0142yskawicznie si\u0119 rozk\u0142ada i sk\u0142ada i nie potrzeba do tego \u017cadnych narz\u0119dzi, a tak\u017c\u0119 \u0142atwo si\u0119 go przechowuje. Po z\u0142o\u017ceniu zajmuje jedynie 81x69x10cm! Zmie\u015bci si\u0119 pod \u0142\u00f3\u017ckiem, za \u0142\u00f3\u017ckiem w szafie, za szaf\u0105 czy na jakim\u015b regale.<\/p><\/p>\n\n\n<p style=\"text-indent: 30px; text-align: justify;\">Testowanie sto\u0142u w zasadzie dobieg\u0142o ko\u0144ca, jest to w ko\u0144cu skrajnie proste ale efektywne narz\u0119dzie. St\u00f3\u0142 bezcieniowy daje fajne efekty ko\u0144cowe ale zapewne dok\u0142adaj\u0105c do tego odrobin\u0119 retuszu to efekt by\u0142by znacznie lepszy. Cho\u0107 om\u00f3wionych powy\u017cej problem\u00f3w nie rozwi\u0105\u017ce. Dokupuj\u0105c do sto\u0142u opcjonaln\u0105 p\u0142aszczyzn\u0119 przezroczyst\u0105 zmienimy charakterystyk\u0119 pracy na stole bezcieniowym. Sk\u0105d si\u0119 bierze problem sto\u0142u z przelewaj\u0105cym si\u0119 \u015bwiat\u0142em? Z odleg\u0142o\u015bci i brakiem mo\u017cliwo\u015bci panowania nad pod\u015bwietleniem spodu sto\u0142u, \u015bwiat\u0142o rozlewa si\u0119 po ca\u0142ej jego powierzchni mlecznej &#8211; w jednym miejscu jest go wi\u0119cej w innym troszk\u0119 mniej. Produkt stoi bezpo\u015brednio na pod\u015bwietlanej powierzchni i gdy odpowiednio pod\u015bwietlimy st\u00f3\u0142, tak aby uzyska\u0107 bia\u0142y kolor t\u0142a, na zdj\u0119ciu tego \u015bwiat\u0142a jest tyle, \u017ce otula produkt z ka\u017cdej strony. Dos\u0142ownie tak samo jak du\u017cy softbox blisko osoby fotografowanej otula mi\u0119ciutkim \u015bwiat\u0142em.<br \/>Gdy zmienimy powierzchni\u0119 na przezroczyst\u0105 to przestaje ona \u015bwieci\u0107 na bia\u0142o. Co nam to daje? Produkt nie stoi na \u015bwiec\u0105cej tafli, t\u0142o odbijaj\u0105ce \u015bwiat\u0142o jest odseparowane od obiektu i \u0142atwiej regulowa\u0107 jego jasno\u015b\u0107 nie wp\u0142ywaj\u0105c znacznie na temat zdj\u0119cia. Ro\u017cnic\u0119 \u0142atwo zaobserwowa\u0107 na dw\u00f3ch poni\u017cszych fotografiach. Zdj\u0119cie numer jeden o\u015bwietlone na stole z bia\u0142\u0105 powierzchni\u0105 jest do\u015b\u0107 mocno pod\u015bwietlone od przodu, zdj\u0119cie numer dwa powierzchnia przezroczysta.<\/p>\n\n\n<figure class=\"wp-block-gallery has-nested-images columns-default is-cropped wp-block-gallery-4 is-layout-flex wp-block-gallery-is-layout-flex\">\n<figure class=\"wp-block-image size-large\"><img loading=\"lazy\" decoding=\"async\" width=\"1920\" height=\"1920\" data-id=\"2511\" src=\"https:\/\/studiofotograficzne.pl\/wp-content\/uploads\/2024\/12\/Stol_bezcieniowy_FreePower_70x140cm_12.jpg\" alt=\"\" class=\"wp-image-2511\" srcset=\"https:\/\/studiofotograficzne.pl\/wp-content\/uploads\/2024\/12\/Stol_bezcieniowy_FreePower_70x140cm_12.jpg 1920w, https:\/\/studiofotograficzne.pl\/wp-content\/uploads\/2024\/12\/Stol_bezcieniowy_FreePower_70x140cm_12-300x300.jpg 300w, https:\/\/studiofotograficzne.pl\/wp-content\/uploads\/2024\/12\/Stol_bezcieniowy_FreePower_70x140cm_12-150x150.jpg 150w, https:\/\/studiofotograficzne.pl\/wp-content\/uploads\/2024\/12\/Stol_bezcieniowy_FreePower_70x140cm_12-768x768.jpg 768w, https:\/\/studiofotograficzne.pl\/wp-content\/uploads\/2024\/12\/Stol_bezcieniowy_FreePower_70x140cm_12-1536x1536.jpg 1536w, https:\/\/studiofotograficzne.pl\/wp-content\/uploads\/2024\/12\/Stol_bezcieniowy_FreePower_70x140cm_12-400x400.jpg 400w, https:\/\/studiofotograficzne.pl\/wp-content\/uploads\/2024\/12\/Stol_bezcieniowy_FreePower_70x140cm_12-418x418.jpg 418w, https:\/\/studiofotograficzne.pl\/wp-content\/uploads\/2024\/12\/Stol_bezcieniowy_FreePower_70x140cm_12-512x512.jpg 512w\" sizes=\"auto, (max-width: 1920px) 100vw, 1920px\" \/><\/figure>\n\n\n\n<figure class=\"wp-block-image size-large\"><img loading=\"lazy\" decoding=\"async\" width=\"2000\" height=\"2000\" data-id=\"2512\" src=\"https:\/\/studiofotograficzne.pl\/wp-content\/uploads\/2024\/12\/Stol_bezcieniowy_FreePower_70x140cm_13-2000x2000.jpg\" alt=\"\" class=\"wp-image-2512\" srcset=\"https:\/\/studiofotograficzne.pl\/wp-content\/uploads\/2024\/12\/Stol_bezcieniowy_FreePower_70x140cm_13-2000x2000.jpg 2000w, https:\/\/studiofotograficzne.pl\/wp-content\/uploads\/2024\/12\/Stol_bezcieniowy_FreePower_70x140cm_13-300x300.jpg 300w, https:\/\/studiofotograficzne.pl\/wp-content\/uploads\/2024\/12\/Stol_bezcieniowy_FreePower_70x140cm_13-150x150.jpg 150w, https:\/\/studiofotograficzne.pl\/wp-content\/uploads\/2024\/12\/Stol_bezcieniowy_FreePower_70x140cm_13-768x768.jpg 768w, https:\/\/studiofotograficzne.pl\/wp-content\/uploads\/2024\/12\/Stol_bezcieniowy_FreePower_70x140cm_13-1536x1536.jpg 1536w, https:\/\/studiofotograficzne.pl\/wp-content\/uploads\/2024\/12\/Stol_bezcieniowy_FreePower_70x140cm_13-2048x2048.jpg 2048w, https:\/\/studiofotograficzne.pl\/wp-content\/uploads\/2024\/12\/Stol_bezcieniowy_FreePower_70x140cm_13-400x400.jpg 400w, https:\/\/studiofotograficzne.pl\/wp-content\/uploads\/2024\/12\/Stol_bezcieniowy_FreePower_70x140cm_13-418x418.jpg 418w, https:\/\/studiofotograficzne.pl\/wp-content\/uploads\/2024\/12\/Stol_bezcieniowy_FreePower_70x140cm_13-512x512.jpg 512w\" sizes=\"auto, (max-width: 2000px) 100vw, 2000px\" \/><\/figure>\n<\/figure>\n\n\n<p style=\"text-indent: 30px; text-align: justify;\">Gdy pod\u015bwietlimy produkt od frontu z ustawieniami jak poprzednio efekt b\u0119dzie jak poni\u017cej. Minus tego rozwi\u0105zania jest taki, \u017ce trzeba zainwestowa\u0107 dodatkowe pieni\u0105dze w zakup przezroczystej powierzchni. Trafi\u0107 na powierzchni\u0119 odpowiedniego formatu nie b\u0119dzie r\u00f3wnie\u017c \u0142atwo. Kiedy\u015b przygotowa\u0142em tak\u0105 powierzchni\u0119 do sprzeda\u017cy, ale pod st\u00f3\u0142 o wymiarach 60&#215;140 i niestety jest o 10 cm za ma\u0142a do tego modelu, cho\u0107 ja jej u\u017cy\u0142em do lekkiego produktu to nie koniecznie sprawdzi si\u0119 z ci\u0119\u017cszym. Najlepiej by\u0142o by skontaktowa\u0107 si\u0119 ze sklepem www.fripers.pl i spr\u00f3bowa\u0107 zam\u00f3wi\u0107 j\u0105 indywidualnie na zam\u00f3wienie.<\/p>\n\n\n<p><p style=\"text-align: justify;\">Je\u015bli chcia\u0142by\u015b zobaczy\u0107 jak ustawi\u0107 setup z tak\u0105 powierzchni\u0105 zapraszam na <a href=\"https:\/\/youtu.be\/eo_YBzPvIfI \">film<\/a><br>Zapraszam r\u00f3wnie\u017c na indywidualne szkolenia z fotografii produktowej.<\/p><\/p>\n\n\n\n<figure class=\"wp-block-image size-large\"><img loading=\"lazy\" decoding=\"async\" width=\"2000\" height=\"2000\" src=\"https:\/\/studiofotograficzne.pl\/wp-content\/uploads\/2024\/12\/WSSB-FP-SB70X14021310-2000x2000.jpg\" alt=\"\" class=\"wp-image-2513\" srcset=\"https:\/\/studiofotograficzne.pl\/wp-content\/uploads\/2024\/12\/WSSB-FP-SB70X14021310-2000x2000.jpg 2000w, https:\/\/studiofotograficzne.pl\/wp-content\/uploads\/2024\/12\/WSSB-FP-SB70X14021310-300x300.jpg 300w, https:\/\/studiofotograficzne.pl\/wp-content\/uploads\/2024\/12\/WSSB-FP-SB70X14021310-150x150.jpg 150w, https:\/\/studiofotograficzne.pl\/wp-content\/uploads\/2024\/12\/WSSB-FP-SB70X14021310-768x768.jpg 768w, https:\/\/studiofotograficzne.pl\/wp-content\/uploads\/2024\/12\/WSSB-FP-SB70X14021310-1536x1536.jpg 1536w, https:\/\/studiofotograficzne.pl\/wp-content\/uploads\/2024\/12\/WSSB-FP-SB70X14021310-2048x2048.jpg 2048w, https:\/\/studiofotograficzne.pl\/wp-content\/uploads\/2024\/12\/WSSB-FP-SB70X14021310-400x400.jpg 400w, https:\/\/studiofotograficzne.pl\/wp-content\/uploads\/2024\/12\/WSSB-FP-SB70X14021310-418x418.jpg 418w, https:\/\/studiofotograficzne.pl\/wp-content\/uploads\/2024\/12\/WSSB-FP-SB70X14021310-512x512.jpg 512w\" sizes=\"auto, (max-width: 2000px) 100vw, 2000px\" \/><\/figure>\n\n\n\n<p>Po chwili podstawowego retuszu. <\/p>\n\n\n\n<figure class=\"wp-block-image size-full\"><img loading=\"lazy\" decoding=\"async\" width=\"1920\" height=\"1920\" src=\"https:\/\/studiofotograficzne.pl\/wp-content\/uploads\/2024\/12\/WSSB-FP-SB70X14021310b.jpg\" alt=\"\" class=\"wp-image-2521\" srcset=\"https:\/\/studiofotograficzne.pl\/wp-content\/uploads\/2024\/12\/WSSB-FP-SB70X14021310b.jpg 1920w, https:\/\/studiofotograficzne.pl\/wp-content\/uploads\/2024\/12\/WSSB-FP-SB70X14021310b-300x300.jpg 300w, https:\/\/studiofotograficzne.pl\/wp-content\/uploads\/2024\/12\/WSSB-FP-SB70X14021310b-150x150.jpg 150w, https:\/\/studiofotograficzne.pl\/wp-content\/uploads\/2024\/12\/WSSB-FP-SB70X14021310b-768x768.jpg 768w, https:\/\/studiofotograficzne.pl\/wp-content\/uploads\/2024\/12\/WSSB-FP-SB70X14021310b-1536x1536.jpg 1536w, https:\/\/studiofotograficzne.pl\/wp-content\/uploads\/2024\/12\/WSSB-FP-SB70X14021310b-400x400.jpg 400w, https:\/\/studiofotograficzne.pl\/wp-content\/uploads\/2024\/12\/WSSB-FP-SB70X14021310b-418x418.jpg 418w, https:\/\/studiofotograficzne.pl\/wp-content\/uploads\/2024\/12\/WSSB-FP-SB70X14021310b-512x512.jpg 512w\" sizes=\"auto, (max-width: 1920px) 100vw, 1920px\" \/><\/figure>\n","protected":false},"excerpt":{"rendered":"<p>Pierwsze kroki w tworzeniu studia fotograficznego na potrzeby w\u0142asnego biznesu mog\u0105 nie by\u0107 proste zw\u0142aszcza dla osoby, kt\u00f3ra wcze\u015bniej nie mia\u0142a styczno\u015bci z wykonywaniem zdj\u0119\u0107 produktowych. Wyb\u00f3r \u015bwiat\u0142a, modyfikator\u00f3w oraz akcesorium studyjnych tyle tego, \u017ce \u0142atwo si\u0119 pogubi\u0107, dodatkowo zbyt ma\u0142a ilo\u015b\u0107 miejsca w firmie lub w domu na atelier. Namiot, st\u00f3\u0142, a mo\u017ce zupe\u0142nie co\u015b innego? Zanim podejmiesz decyzje najlepiej zapozna\u0107 si\u0119 z ka\u017cdym z wybor\u00f3w aby m\u00f3c \u015bwiadomie podj\u0105\u0107 decyzj\u0119. Je\u015bli chodzi o st\u00f3\u0142 bezcieniowy to mo\u017ce warto zwr\u00f3ci\u0107 uwag\u0119 na plusy i minusy tego rozwi\u0105zania, zapraszam.<\/p>\n","protected":false},"author":1,"featured_media":2527,"comment_status":"open","ping_status":"open","sticky":false,"template":"","format":"standard","meta":{"footnotes":""},"categories":[43,4,22,9],"tags":[6,11],"class_list":["post-2465","post","type-post","status-publish","format-standard","has-post-thumbnail","hentry","category-akcesoria-fotograficzne","category-poradniki","category-studio-fotograficzne","category-testy","tag-akcesoria-studyjne","tag-sposoby-fotografowania","has-thumb"],"_links":{"self":[{"href":"https:\/\/studiofotograficzne.pl\/index.php?rest_route=\/wp\/v2\/posts\/2465","targetHints":{"allow":["GET"]}}],"collection":[{"href":"https:\/\/studiofotograficzne.pl\/index.php?rest_route=\/wp\/v2\/posts"}],"about":[{"href":"https:\/\/studiofotograficzne.pl\/index.php?rest_route=\/wp\/v2\/types\/post"}],"author":[{"embeddable":true,"href":"https:\/\/studiofotograficzne.pl\/index.php?rest_route=\/wp\/v2\/users\/1"}],"replies":[{"embeddable":true,"href":"https:\/\/studiofotograficzne.pl\/index.php?rest_route=%2Fwp%2Fv2%2Fcomments&post=2465"}],"version-history":[{"count":35,"href":"https:\/\/studiofotograficzne.pl\/index.php?rest_route=\/wp\/v2\/posts\/2465\/revisions"}],"predecessor-version":[{"id":2561,"href":"https:\/\/studiofotograficzne.pl\/index.php?rest_route=\/wp\/v2\/posts\/2465\/revisions\/2561"}],"wp:featuredmedia":[{"embeddable":true,"href":"https:\/\/studiofotograficzne.pl\/index.php?rest_route=\/wp\/v2\/media\/2527"}],"wp:attachment":[{"href":"https:\/\/studiofotograficzne.pl\/index.php?rest_route=%2Fwp%2Fv2%2Fmedia&parent=2465"}],"wp:term":[{"taxonomy":"category","embeddable":true,"href":"https:\/\/studiofotograficzne.pl\/index.php?rest_route=%2Fwp%2Fv2%2Fcategories&post=2465"},{"taxonomy":"post_tag","embeddable":true,"href":"https:\/\/studiofotograficzne.pl\/index.php?rest_route=%2Fwp%2Fv2%2Ftags&post=2465"}],"curies":[{"name":"wp","href":"https:\/\/api.w.org\/{rel}","templated":true}]}}