{"id":348,"date":"2016-10-17T09:14:12","date_gmt":"2016-10-17T09:14:12","guid":{"rendered":"http:\/\/studiofotograficzne.pl\/new\/?p=348"},"modified":"2024-08-22T08:42:02","modified_gmt":"2024-08-22T06:42:02","slug":"jak-poradzic-sobie-z-bialym-tlem","status":"publish","type":"post","link":"https:\/\/studiofotograficzne.pl\/jak-poradzic-sobie-z-bialym-tlem\/","title":{"rendered":"Jak poradzi\u0107 sobie z bia\u0142ym t\u0142em"},"content":{"rendered":"<p>We wcze\u015bniejszych artyku\u0142ach pisa\u0142em o tym jak ustawi\u0107 aparat w studio, o podziale \u015bwiat\u0142a na planie oraz roli jak\u0105 \u015bwiat\u0142o odgrywa w zale\u017cno\u015bci od miejsca w jakim je ustawimy. W tym artykule opisze cz\u0119sto spotykany problem z niedo\u015bwietlonym t\u0142em.<br \/>\n<!--more--><\/p>\n<p>We wcze\u015bniejszych artyku\u0142ach pisa\u0142em o tym jak ustawi\u0107 aparat w studio, o podziale \u015bwiat\u0142a na planie oraz roli jak\u0105 \u015bwiat\u0142o odgrywa w zale\u017cno\u015bci od miejsca w jakim je ustawimy. W tym artykule opisze cz\u0119sto spotykany problem z niedo\u015bwietlonym t\u0142em. Je\u017celi zaczynasz prac\u0119 w studio fotograficznym, a t\u0142o na twoich zdj\u0119ciach zamiast bia\u0142ego jest szare to artyku\u0142 ten przeznaczony jest w\u0142a\u015bnie dla ciebie. Nawet najbardziej do\u015bwiadczeni fotografowie, kt\u00f3rzy zaczynaj\u0105 swoj\u0105 przygod\u0119 ze zdj\u0119ciami w studio fotograficznym staj\u0105 przed nowym wyzwaniem jakie stawia \u015bwiat\u0142o b\u0142yskowe oraz panowanie nad nim. W przeciwie\u0144stwie do \u015bwiat\u0142a zastanego, kt\u00f3re zastajemy takie, a nie inne i staramy si\u0119 je jako\u015b wykorzysta\u0107, w studio fotograficznym to fotograf tworzy nastr\u00f3j, charakter oraz reguluje jasno\u015b\u0107 sceny. Wr\u00f3\u0107my jednak do omawianego problemu. Szare t\u0142o powstaje poprzez niedo\u015bwietlenie tej cz\u0119\u015bci planu zdj\u0119ciowego. Problem ten pojawia si\u0119 podczas pr\u00f3by o\u015bwietlenia fotografowanego obiektu wraz z t\u0142em tym samym \u017ar\u00f3d\u0142em \u015bwiat\u0142a. To nie najlepszy pomys\u0142 je\u017celi chcemy aby nasze t\u0142o by\u0142o bia\u0142e. Oczywi\u015bcie mo\u017cna w taki spos\u00f3b wykona\u0107 fotografi\u0119 a nast\u0119pnie w programie graficznym poprawia\u0107 b\u0142\u0119dy, kt\u00f3re powsta\u0142y podczas tworzenia obrazu. Tylko po co traci\u0107 czas na niepotrzebny retusz?<\/p>\n<p>Zastan\u00f3wmy si\u0119 dlaczego tak si\u0119 dzieje, \u017ce \u015bwiat\u0142o prawid\u0142owo na\u015bwietla modela, a nie do\u015bwietla t\u0142a. Wszystko przez fizyk\u0119 a dok\u0142adnie prawo odwrotnych kwadrat\u00f3w, kt\u00f3re m\u00f3wi \u017ce:<\/p>\n<p><strong>\u201enat\u0119\u017cenie promieniowania maleje odwrotnie do kwadratu odleg\u0142o\u015bci\u201d<\/strong><\/p>\n<p>Czyli dwukrotne zwi\u0119kszenie odleg\u0142o\u015bci os\u0142abia promieniowanie czterokrotnie. Na potwierdzenie tej teorii wykonajmy pewne do\u015bwiadczenie. Stosuj\u0105c bia\u0142e t\u0142o wykonajmy trzy zdj\u0119cia modela. Przy ka\u017cdym zdj\u0119ciu zmieniaj odleg\u0142o\u015b\u0107 modela wzgl\u0119dem t\u0142a, nie zmieniaj\u0105c odleg\u0142o\u015bci \u017ar\u00f3d\u0142a \u015bwiat\u0142a wzgl\u0119dem modela. Tak jak na schematach poni\u017cej.<\/p>\n<table border=\"0\" align=\"center\">\n<tbody>\n<tr>\n<td align=\"center\"><a href=\"https:\/\/studiofotograficzne.pl\/?attachment_id=1480\" rel=\"attachment wp-att-1480\"><img loading=\"lazy\" decoding=\"async\" class=\"aligncenter size-full wp-image-1480\" src=\"https:\/\/studiofotograficzne.pl\/wp-content\/uploads\/2016\/10\/Schemat1.jpg\" alt=\"\" width=\"750\" height=\"750\" srcset=\"https:\/\/studiofotograficzne.pl\/wp-content\/uploads\/2016\/10\/Schemat1.jpg 750w, https:\/\/studiofotograficzne.pl\/wp-content\/uploads\/2016\/10\/Schemat1-300x300.jpg 300w, https:\/\/studiofotograficzne.pl\/wp-content\/uploads\/2016\/10\/Schemat1-150x150.jpg 150w, https:\/\/studiofotograficzne.pl\/wp-content\/uploads\/2016\/10\/Schemat1-400x400.jpg 400w, https:\/\/studiofotograficzne.pl\/wp-content\/uploads\/2016\/10\/Schemat1-418x418.jpg 418w, https:\/\/studiofotograficzne.pl\/wp-content\/uploads\/2016\/10\/Schemat1-512x512.jpg 512w\" sizes=\"auto, (max-width: 750px) 100vw, 750px\" \/><\/a><\/td>\n<td align=\"center\"><a href=\"https:\/\/studiofotograficzne.pl\/?attachment_id=1481\" rel=\"attachment wp-att-1481\"><img loading=\"lazy\" decoding=\"async\" class=\"aligncenter size-full wp-image-1481\" src=\"https:\/\/studiofotograficzne.pl\/wp-content\/uploads\/2016\/10\/Schemat2.jpg\" alt=\"\" width=\"750\" height=\"750\" srcset=\"https:\/\/studiofotograficzne.pl\/wp-content\/uploads\/2016\/10\/Schemat2.jpg 750w, https:\/\/studiofotograficzne.pl\/wp-content\/uploads\/2016\/10\/Schemat2-300x300.jpg 300w, https:\/\/studiofotograficzne.pl\/wp-content\/uploads\/2016\/10\/Schemat2-150x150.jpg 150w, https:\/\/studiofotograficzne.pl\/wp-content\/uploads\/2016\/10\/Schemat2-400x400.jpg 400w, https:\/\/studiofotograficzne.pl\/wp-content\/uploads\/2016\/10\/Schemat2-418x418.jpg 418w, https:\/\/studiofotograficzne.pl\/wp-content\/uploads\/2016\/10\/Schemat2-512x512.jpg 512w\" sizes=\"auto, (max-width: 750px) 100vw, 750px\" \/><\/a><\/td>\n<td align=\"center\"><a href=\"https:\/\/studiofotograficzne.pl\/?attachment_id=1482\" rel=\"attachment wp-att-1482\"><img loading=\"lazy\" decoding=\"async\" class=\"aligncenter size-full wp-image-1482\" src=\"https:\/\/studiofotograficzne.pl\/wp-content\/uploads\/2016\/10\/Schemat3.jpg\" alt=\"\" width=\"750\" height=\"750\" srcset=\"https:\/\/studiofotograficzne.pl\/wp-content\/uploads\/2016\/10\/Schemat3.jpg 750w, https:\/\/studiofotograficzne.pl\/wp-content\/uploads\/2016\/10\/Schemat3-300x300.jpg 300w, https:\/\/studiofotograficzne.pl\/wp-content\/uploads\/2016\/10\/Schemat3-150x150.jpg 150w, https:\/\/studiofotograficzne.pl\/wp-content\/uploads\/2016\/10\/Schemat3-400x400.jpg 400w, https:\/\/studiofotograficzne.pl\/wp-content\/uploads\/2016\/10\/Schemat3-418x418.jpg 418w, https:\/\/studiofotograficzne.pl\/wp-content\/uploads\/2016\/10\/Schemat3-512x512.jpg 512w\" sizes=\"auto, (max-width: 750px) 100vw, 750px\" \/><\/a><\/td>\n<\/tr>\n<\/tbody>\n<\/table>\n<p data-wp-editing=\"1\">Prawid\u0142owo wykonane do\u015bwiadczenie powinno ukaza\u0107 trzy fotografie pokazuj\u0105ce modela na tle, kt\u00f3re powoli traci swoj\u0105 jasno\u015b\u0107.<\/p>\n<table border=\"0\" align=\"center\">\n<tbody>\n<tr>\n<td align=\"center\"><a href=\"https:\/\/studiofotograficzne.pl\/?attachment_id=1487\"><img loading=\"lazy\" decoding=\"async\" class=\"aligncenter wp-image-1487 size-full\" src=\"https:\/\/studiofotograficzne.pl\/wp-content\/uploads\/2016\/10\/przy_tle.jpg\" alt=\"\" width=\"750\" height=\"750\" srcset=\"https:\/\/studiofotograficzne.pl\/wp-content\/uploads\/2016\/10\/przy_tle.jpg 750w, https:\/\/studiofotograficzne.pl\/wp-content\/uploads\/2016\/10\/przy_tle-300x300.jpg 300w, https:\/\/studiofotograficzne.pl\/wp-content\/uploads\/2016\/10\/przy_tle-150x150.jpg 150w, https:\/\/studiofotograficzne.pl\/wp-content\/uploads\/2016\/10\/przy_tle-400x400.jpg 400w, https:\/\/studiofotograficzne.pl\/wp-content\/uploads\/2016\/10\/przy_tle-418x418.jpg 418w, https:\/\/studiofotograficzne.pl\/wp-content\/uploads\/2016\/10\/przy_tle-512x512.jpg 512w\" sizes=\"auto, (max-width: 750px) 100vw, 750px\" \/><\/a><\/td>\n<td align=\"center\"><a href=\"https:\/\/studiofotograficzne.pl\/?attachment_id=1486\" rel=\"attachment wp-att-1486\"><img loading=\"lazy\" decoding=\"async\" class=\"aligncenter size-full wp-image-1486\" src=\"https:\/\/studiofotograficzne.pl\/wp-content\/uploads\/2016\/10\/dodatkowy_1m.jpg\" alt=\"\" width=\"750\" height=\"750\" srcset=\"https:\/\/studiofotograficzne.pl\/wp-content\/uploads\/2016\/10\/dodatkowy_1m.jpg 750w, https:\/\/studiofotograficzne.pl\/wp-content\/uploads\/2016\/10\/dodatkowy_1m-300x300.jpg 300w, https:\/\/studiofotograficzne.pl\/wp-content\/uploads\/2016\/10\/dodatkowy_1m-150x150.jpg 150w, https:\/\/studiofotograficzne.pl\/wp-content\/uploads\/2016\/10\/dodatkowy_1m-400x400.jpg 400w, https:\/\/studiofotograficzne.pl\/wp-content\/uploads\/2016\/10\/dodatkowy_1m-418x418.jpg 418w, https:\/\/studiofotograficzne.pl\/wp-content\/uploads\/2016\/10\/dodatkowy_1m-512x512.jpg 512w\" sizes=\"auto, (max-width: 750px) 100vw, 750px\" \/><\/a><\/td>\n<td align=\"center\"><a href=\"https:\/\/studiofotograficzne.pl\/?attachment_id=1485\" rel=\"attachment wp-att-1485\"><img loading=\"lazy\" decoding=\"async\" class=\"aligncenter size-full wp-image-1485\" src=\"https:\/\/studiofotograficzne.pl\/wp-content\/uploads\/2016\/10\/dodatkowe_2m.jpg\" alt=\"\" width=\"750\" height=\"750\" srcset=\"https:\/\/studiofotograficzne.pl\/wp-content\/uploads\/2016\/10\/dodatkowe_2m.jpg 750w, https:\/\/studiofotograficzne.pl\/wp-content\/uploads\/2016\/10\/dodatkowe_2m-300x300.jpg 300w, https:\/\/studiofotograficzne.pl\/wp-content\/uploads\/2016\/10\/dodatkowe_2m-150x150.jpg 150w, https:\/\/studiofotograficzne.pl\/wp-content\/uploads\/2016\/10\/dodatkowe_2m-400x400.jpg 400w, https:\/\/studiofotograficzne.pl\/wp-content\/uploads\/2016\/10\/dodatkowe_2m-418x418.jpg 418w, https:\/\/studiofotograficzne.pl\/wp-content\/uploads\/2016\/10\/dodatkowe_2m-512x512.jpg 512w\" sizes=\"auto, (max-width: 750px) 100vw, 750px\" \/><\/a><\/td>\n<\/tr>\n<\/tbody>\n<\/table>\n<p>Je\u015bli odsun\u0105\u0142bym modela jeszcze dalej od t\u0142a, uzyska\u0142bym czarny \u201ekolor\u201d drugiego planu. Do\u015bwiadczenie to potwierdza teorie odwrotno\u015bci kwadrat\u00f3w. Informuje nas \u017ce nie da si\u0119 za pomoc\u0105 jednego \u017ar\u00f3d\u0142a \u015bwiat\u0142a o\u015bwietli\u0107 z tym samym nat\u0119\u017ceniem obiekt fotografowany i t\u0142o. W takim razie jak uzyska\u0107 bia\u0142e t\u0142o? Skoro przy ostatnim zdj\u0119ciu uzyskali\u015bmy pewn\u0105 separacj\u0119 to w tym momencie wystarczy doda\u0107 dodatkowe \u017ar\u00f3d\u0142o \u015bwiat\u0142a, kt\u00f3re b\u0119dzie odpowiedzialne tylko i wy\u0142\u0105cznie za drugi plan.<\/p>\n<table border=\"0\" align=\"center\">\n<tbody>\n<tr>\n<td align=\"center\"><a href=\"https:\/\/studiofotograficzne.pl\/?attachment_id=1488\" rel=\"attachment wp-att-1488\"><img loading=\"lazy\" decoding=\"async\" class=\"aligncenter size-full wp-image-1488\" src=\"https:\/\/studiofotograficzne.pl\/wp-content\/uploads\/2016\/10\/biale_tlo_soft.jpg\" alt=\"\" width=\"750\" height=\"750\" srcset=\"https:\/\/studiofotograficzne.pl\/wp-content\/uploads\/2016\/10\/biale_tlo_soft.jpg 750w, https:\/\/studiofotograficzne.pl\/wp-content\/uploads\/2016\/10\/biale_tlo_soft-300x300.jpg 300w, https:\/\/studiofotograficzne.pl\/wp-content\/uploads\/2016\/10\/biale_tlo_soft-150x150.jpg 150w, https:\/\/studiofotograficzne.pl\/wp-content\/uploads\/2016\/10\/biale_tlo_soft-400x400.jpg 400w, https:\/\/studiofotograficzne.pl\/wp-content\/uploads\/2016\/10\/biale_tlo_soft-418x418.jpg 418w, https:\/\/studiofotograficzne.pl\/wp-content\/uploads\/2016\/10\/biale_tlo_soft-512x512.jpg 512w\" sizes=\"auto, (max-width: 750px) 100vw, 750px\" \/><\/a><\/td>\n<td align=\"center\"><a href=\"https:\/\/studiofotograficzne.pl\/?attachment_id=1489\" rel=\"attachment wp-att-1489\"><img loading=\"lazy\" decoding=\"async\" class=\"aligncenter size-full wp-image-1489\" src=\"https:\/\/studiofotograficzne.pl\/wp-content\/uploads\/2016\/10\/biale_tlo.jpg\" alt=\"\" width=\"750\" height=\"750\" srcset=\"https:\/\/studiofotograficzne.pl\/wp-content\/uploads\/2016\/10\/biale_tlo.jpg 750w, https:\/\/studiofotograficzne.pl\/wp-content\/uploads\/2016\/10\/biale_tlo-300x300.jpg 300w, https:\/\/studiofotograficzne.pl\/wp-content\/uploads\/2016\/10\/biale_tlo-150x150.jpg 150w, https:\/\/studiofotograficzne.pl\/wp-content\/uploads\/2016\/10\/biale_tlo-400x400.jpg 400w, https:\/\/studiofotograficzne.pl\/wp-content\/uploads\/2016\/10\/biale_tlo-418x418.jpg 418w, https:\/\/studiofotograficzne.pl\/wp-content\/uploads\/2016\/10\/biale_tlo-512x512.jpg 512w\" sizes=\"auto, (max-width: 750px) 100vw, 750px\" \/><\/a><\/td>\n<\/tr>\n<tr>\n<td colspan=\"2\" align=\"center\"><a class=\"jcepopup\" href=\"\/wp-content\/uploads\/2016\/10\/Schemat4.jpg\" target=\"_blank\" rel=\"group[Group1] noopener\"><img decoding=\"async\" src=\"\/wp-content\/uploads\/2016\/10\/Schemat4.jpg\" alt=\"alt\" width=\"370\" \/><\/a><\/td>\n<\/tr>\n<\/tbody>\n<\/table>\n<p>W tym celu, w prezentowanym przyk\u0142adzie, lamp\u0119 na statywie ustawi\u0142em z lewej strony modela w taki spos\u00f3b aby snop \u015bwiat\u0142a nie roz\u015bwietla\u0142 tematu zdj\u0119cia i nie bra\u0142 udzia\u0142u w jego ekspozycji. Zdj\u0119cia powy\u017cej pokazuj\u0105 efekt ko\u0144cowy. Do roz\u015bwietlenia t\u0142a na lewym zdj\u0119ciu jako modyfikator wykorzysta\u0142em czasze, na prawym za\u015b softbox. Dok\u0142adaj\u0105c jeszcze jedno \u017ar\u00f3d\u0142o \u015bwiat\u0142a do roz\u015bwietlenia t\u0142a wyr\u00f3wna\u0142bym jego jasno\u015b\u0107. Na tym jednak poprzestan\u0119 poniewa\u017c celem artyku\u0142u nie jest wykonanie perfekcyjnego zdj\u0119cia tylko pokazanie jednego ze sposob\u00f3w poradzenia sobie z problemem niedo\u015bwietlonego t\u0142a.<\/p>\n","protected":false},"excerpt":{"rendered":"<p>We wcze\u015bniejszych artyku\u0142ach pisa\u0142em o tym jak ustawi\u0107 aparat w studio, o podziale \u015bwiat\u0142a na planie oraz roli jak\u0105 \u015bwiat\u0142o odgrywa w zale\u017cno\u015bci od miejsca w jakim je ustawimy. W tym artykule opisze cz\u0119sto spotykany problem z niedo\u015bwietlonym t\u0142em.<\/p>\n","protected":false},"author":1,"featured_media":1479,"comment_status":"open","ping_status":"open","sticky":false,"template":"","format":"standard","meta":{"footnotes":""},"categories":[4],"tags":[13,14,3],"class_list":["post-348","post","type-post","status-publish","format-standard","has-post-thumbnail","hentry","category-poradniki","tag-praca-ze-swiatlem","tag-tlo-fotograficzne","tag-podstawy-w-studio","has-thumb"],"_links":{"self":[{"href":"https:\/\/studiofotograficzne.pl\/wp-json\/wp\/v2\/posts\/348","targetHints":{"allow":["GET"]}}],"collection":[{"href":"https:\/\/studiofotograficzne.pl\/wp-json\/wp\/v2\/posts"}],"about":[{"href":"https:\/\/studiofotograficzne.pl\/wp-json\/wp\/v2\/types\/post"}],"author":[{"embeddable":true,"href":"https:\/\/studiofotograficzne.pl\/wp-json\/wp\/v2\/users\/1"}],"replies":[{"embeddable":true,"href":"https:\/\/studiofotograficzne.pl\/wp-json\/wp\/v2\/comments?post=348"}],"version-history":[{"count":5,"href":"https:\/\/studiofotograficzne.pl\/wp-json\/wp\/v2\/posts\/348\/revisions"}],"predecessor-version":[{"id":1494,"href":"https:\/\/studiofotograficzne.pl\/wp-json\/wp\/v2\/posts\/348\/revisions\/1494"}],"wp:featuredmedia":[{"embeddable":true,"href":"https:\/\/studiofotograficzne.pl\/wp-json\/wp\/v2\/media\/1479"}],"wp:attachment":[{"href":"https:\/\/studiofotograficzne.pl\/wp-json\/wp\/v2\/media?parent=348"}],"wp:term":[{"taxonomy":"category","embeddable":true,"href":"https:\/\/studiofotograficzne.pl\/wp-json\/wp\/v2\/categories?post=348"},{"taxonomy":"post_tag","embeddable":true,"href":"https:\/\/studiofotograficzne.pl\/wp-json\/wp\/v2\/tags?post=348"}],"curies":[{"name":"wp","href":"https:\/\/api.w.org\/{rel}","templated":true}]}}